{"id":7900,"date":"2020-10-06T18:37:33","date_gmt":"2020-10-06T21:37:33","guid":{"rendered":"https:\/\/zumbalaturba.com.ar\/?p=7900"},"modified":"2023-10-14T18:35:03","modified_gmt":"2023-10-14T21:35:03","slug":"aniversario-de-la-desaparicion-de-lxs-43-normalistas-de-ayotzinapa","status":"publish","type":"post","link":"https:\/\/zumbalaturba.com.ar\/?p=7900","title":{"rendered":"Aniversario de la desaparici\u00f3n de lxs 43 normalistas de Ayotzinapa"},"content":{"rendered":"\n<h2>&nbsp;<\/h2>\n<div class=\"dropdown-info\">\n<div id=\"scroll-programa\" class=\"tiny-scrollbar\" data-collapsed=\"60\" data-uncollapsed=\"200\">\n<div class=\"scrollbar\">\n<div class=\"track\">\n<div class=\"thumb\">\n<div class=\"end\">El 26 de septiembre se cumplen seis a\u00f1os del aniversario por la desaparici\u00f3n de los 43 estudiantes de Ayotzinapa. 6 a\u00f1os tambi\u00e9n de b\u00fasqueda, de lucha, de encuentros, de dolores y de alegr\u00edas, de aprender a espejarnos en nuestres hermanes, de aprender a escucharnos y caminar a l par, aunque las geograf\u00edas nos distancien. Aprendiendo a encender el corazon con cada injusticia y a gritar que no queremos ni une desaparecide mas, aparici\u00f3n ya de los 43 estudiantes normalistas.En estos seis a\u00f1os lxs familiares y amigues de los 43 siguen tan firmes como al comienzo, habiendo sido foco de manipulaciones, de mentiras, de desprestigio, de desprecio por gobiernos, de campa\u00f1as medi\u00e1ticas del horror. Pudiendo sortear todos esos obst\u00e1culos de los de arriba, les familiares siguen prendiendo la llama y sembrando rebeld\u00edas.Pudieron derrocar la, entre comillas, verdad hist\u00f3rica, impuesta por el gobierno de Pe\u00f1a Nieto, que sacaba culpas a la polic\u00eda municipal de iguala, a la federal y al ej\u00e9rcito, aquella fr\u00eda noche del 26 de noviembre. Se evidenci\u00f3 los extremos ABERRANTES a los que est\u00e1n dispuestos a llegar lxs de arriba para demostrar su poder y autoridad. Ejercer la tortura, montar un show medi\u00e1tico, vapulear el dolor y la rabia de los de abajo. Sin saber que eso solo enciende mas la llama de la lucha, porque la digna rabia es lo que nos moviliza.<br>En la trasmisi\u00f3n desde casa tenemos el placer de estar en comunicaci\u00f3n con Mario, padre de Cesar Manuel Gonzalez, desaparecido por la polic\u00eda de igual y el ej\u00e9rcito aquella noche del 26 de noviembre, mientras se dirig\u00eda a realizar colectas junto a sus compa\u00f1eros normalistas para la marcha del 2 de octubre, la masacre de Tlatelolco<\/div>\n<\/div>\n<\/div>\n<\/div>\n<\/div>\n<\/div>\n<p><iframe id=\"audio_57316183\" style=\"border: 1px solid #EEE; box-sizing: border-box; width: 100%;\" src=\"https:\/\/ar.ivoox.com\/es\/player_ej_57316183_4_1.html?c1=ff6600\" scrolling=\"no\" allowfullscreen=\"allowfullscreen\" height=\"200\" frameborder=\"0\"><\/iframe><\/p>\n<div class='share-to-whatsapp-wrapper'><div class='share-on-whsp'>Share on: <\/div><div class='clear '><\/div><\/div>","protected":false},"excerpt":{"rendered":"<p>&nbsp; El 26 de septiembre se cumplen seis a\u00f1os del aniversario por la desaparici\u00f3n de los 43 estudiantes de Ayotzinapa. 6 a\u00f1os tambi\u00e9n de b\u00fasqueda, de lucha, de encuentros, de dolores y de alegr\u00edas, de aprender a espejarnos en nuestres hermanes, de aprender a escucharnos y caminar a l par, aunque las geograf\u00edas nos distancien. [&hellip;]<\/p>\n","protected":false},"author":35,"featured_media":7901,"comment_status":"open","ping_status":"closed","sticky":false,"template":"","format":"standard","meta":{"footnotes":""},"categories":[1241,15,1240],"tags":[],"class_list":["post-7900","post","type-post","status-publish","format-standard","has-post-thumbnail","hentry","category-ddhh","category-la-zumba","category-transfronterizo"],"_links":{"self":[{"href":"https:\/\/zumbalaturba.com.ar\/index.php?rest_route=\/wp\/v2\/posts\/7900","targetHints":{"allow":["GET"]}}],"collection":[{"href":"https:\/\/zumbalaturba.com.ar\/index.php?rest_route=\/wp\/v2\/posts"}],"about":[{"href":"https:\/\/zumbalaturba.com.ar\/index.php?rest_route=\/wp\/v2\/types\/post"}],"author":[{"embeddable":true,"href":"https:\/\/zumbalaturba.com.ar\/index.php?rest_route=\/wp\/v2\/users\/35"}],"replies":[{"embeddable":true,"href":"https:\/\/zumbalaturba.com.ar\/index.php?rest_route=%2Fwp%2Fv2%2Fcomments&post=7900"}],"version-history":[{"count":0,"href":"https:\/\/zumbalaturba.com.ar\/index.php?rest_route=\/wp\/v2\/posts\/7900\/revisions"}],"wp:featuredmedia":[{"embeddable":true,"href":"https:\/\/zumbalaturba.com.ar\/index.php?rest_route=\/wp\/v2\/media\/7901"}],"wp:attachment":[{"href":"https:\/\/zumbalaturba.com.ar\/index.php?rest_route=%2Fwp%2Fv2%2Fmedia&parent=7900"}],"wp:term":[{"taxonomy":"category","embeddable":true,"href":"https:\/\/zumbalaturba.com.ar\/index.php?rest_route=%2Fwp%2Fv2%2Fcategories&post=7900"},{"taxonomy":"post_tag","embeddable":true,"href":"https:\/\/zumbalaturba.com.ar\/index.php?rest_route=%2Fwp%2Fv2%2Ftags&post=7900"}],"curies":[{"name":"wp","href":"https:\/\/api.w.org\/{rel}","templated":true}]}}