{"id":8093,"date":"2022-03-08T12:38:22","date_gmt":"2022-03-08T12:38:22","guid":{"rendered":"https:\/\/zumbalaturba.com.ar\/?p=8093"},"modified":"2023-07-08T20:49:25","modified_gmt":"2023-07-08T20:49:25","slug":"8-de-marzo-un-dia-de-lucha-y-reflexion","status":"publish","type":"post","link":"https:\/\/zumbalaturba.com.ar\/?p=8093","title":{"rendered":"8 de marzo un d\u00eda de lucha y reflexi\u00f3n"},"content":{"rendered":"\n<p>En este Nuevo <strong>8M Paro Internacional de Mujeres &nbsp;Lesbianas, Travestis, Trans y No Binaries<\/strong> desde Zumba La Turba acompa\u00f1amos los reclamos hist\u00f3ricos de los feminismos:<strong> La Deuda es con Nosotras y Nosotres.&nbsp;<\/strong> Como mujeres y diversidades seguimos construyendo con nuestras luchas, &nbsp;acciones y discursos un mundo m\u00e1s junto e inclusivo. Exigimos <strong>M\u00e1s Mujeres y Diversidades &nbsp;en los Medios Masivos de Comunicaci\u00f3n <\/strong>que en muchos casos &nbsp;acomodados con el poder patriarcal siguen reproduciendo estereotipos de g\u00e9neros que violentan nuestras identidades, perpet\u00faan modelos de opresi\u00f3n e invisibilizan nuestra labor.<strong> M\u00e1s Mujeres y diversidades en los puestos jer\u00e1rquicos<\/strong>, <strong>igual pago por igual trabajo<\/strong>. <strong>Reconocimiento salarial por las tareas de cuidado<\/strong>. Salimos otra vez a la calle para que el Ni Una Menos &nbsp;deje de ser un eslogan y se vuelva u a realidad.&nbsp; A la calle compa\u00f1eras, compa\u00f1eres. Ah\u00ed nos vemos, estamos en lucha <img decoding=\"async\" class=\"an1\" src=\"https:\/\/fonts.gstatic.com\/s\/e\/notoemoji\/14.0\/1f4e3\/32.png\" alt=\"\ud83d\udce3\" data-emoji=\"\ud83d\udce3\" aria-label=\"\ud83d\udce3\"><img decoding=\"async\" class=\"an1\" src=\"https:\/\/fonts.gstatic.com\/s\/e\/notoemoji\/14.0\/1f4aa\/32.png\" alt=\"\ud83d\udcaa\" data-emoji=\"\ud83d\udcaa\" aria-label=\"\ud83d\udcaa\"><\/p>\n<div class='share-to-whatsapp-wrapper'><div class='share-on-whsp'>Share on: <\/div><div class='clear '><\/div><\/div>","protected":false},"excerpt":{"rendered":"<p>En este Nuevo 8M Paro Internacional de Mujeres &nbsp;Lesbianas, Travestis, Trans y No Binaries desde Zumba La Turba acompa\u00f1amos los reclamos hist\u00f3ricos de los feminismos: La Deuda es con Nosotras y Nosotres.&nbsp; Como mujeres y diversidades seguimos construyendo con nuestras luchas, &nbsp;acciones y discursos un mundo m\u00e1s junto e inclusivo. Exigimos M\u00e1s Mujeres y Diversidades [&hellip;]<\/p>\n","protected":false},"author":35,"featured_media":8094,"comment_status":"open","ping_status":"closed","sticky":false,"template":"","format":"standard","meta":{"footnotes":""},"categories":[15,5],"tags":[52,1221,1219,7,1220],"class_list":["post-8093","post","type-post","status-publish","format-standard","has-post-thumbnail","hentry","category-la-zumba","category-transfeminismos","tag-cultura","tag-derechos","tag-diversidades","tag-feminismos","tag-luchas"],"_links":{"self":[{"href":"https:\/\/zumbalaturba.com.ar\/index.php?rest_route=\/wp\/v2\/posts\/8093","targetHints":{"allow":["GET"]}}],"collection":[{"href":"https:\/\/zumbalaturba.com.ar\/index.php?rest_route=\/wp\/v2\/posts"}],"about":[{"href":"https:\/\/zumbalaturba.com.ar\/index.php?rest_route=\/wp\/v2\/types\/post"}],"author":[{"embeddable":true,"href":"https:\/\/zumbalaturba.com.ar\/index.php?rest_route=\/wp\/v2\/users\/35"}],"replies":[{"embeddable":true,"href":"https:\/\/zumbalaturba.com.ar\/index.php?rest_route=%2Fwp%2Fv2%2Fcomments&post=8093"}],"version-history":[{"count":0,"href":"https:\/\/zumbalaturba.com.ar\/index.php?rest_route=\/wp\/v2\/posts\/8093\/revisions"}],"wp:featuredmedia":[{"embeddable":true,"href":"https:\/\/zumbalaturba.com.ar\/index.php?rest_route=\/wp\/v2\/media\/8094"}],"wp:attachment":[{"href":"https:\/\/zumbalaturba.com.ar\/index.php?rest_route=%2Fwp%2Fv2%2Fmedia&parent=8093"}],"wp:term":[{"taxonomy":"category","embeddable":true,"href":"https:\/\/zumbalaturba.com.ar\/index.php?rest_route=%2Fwp%2Fv2%2Fcategories&post=8093"},{"taxonomy":"post_tag","embeddable":true,"href":"https:\/\/zumbalaturba.com.ar\/index.php?rest_route=%2Fwp%2Fv2%2Ftags&post=8093"}],"curies":[{"name":"wp","href":"https:\/\/api.w.org\/{rel}","templated":true}]}}