{"id":8180,"date":"2022-09-19T15:22:59","date_gmt":"2022-09-19T18:22:59","guid":{"rendered":"https:\/\/zumbalaturba.com.ar\/?p=8180"},"modified":"2023-10-14T19:49:44","modified_gmt":"2023-10-14T22:49:44","slug":"los-pickles-rumbo-al-xv-encuentro-latinoamericano-de-arte-y-salud-mental","status":"publish","type":"post","link":"https:\/\/zumbalaturba.com.ar\/?p=8180","title":{"rendered":"Los Pickles rumbo al XV encuentro latinoamericano de arte y salud mental"},"content":{"rendered":"\n<p align=\"JUSTIFY\"><span style=\"font-size: medium;\"><em>Los<\/em> <em>Pickles Abracadrabra es una banda musical que fue invitada a representar a C\u00f3rdoba en el XV encuentro latinoamericano de arte y salud mental: \u201cUna puerta a la Libertad, No al manicomio\u201d del 18 al 24 de octubre en Mar del Plata.<\/em> <\/span><\/p>\n<p align=\"JUSTIFY\">\u00a0<\/p>\n<p align=\"JUSTIFY\"><span style=\"font-size: medium;\">La banda musical Los Pickles es la primera banda nacional surgida en una instituci\u00f3n p\u00fablica de salud mental que a\u00fan contin\u00faa en vigencia. Los Pickles naci\u00f3 en los talleres art\u00edsticos terap\u00e9uticos del Hospital Neuropsiqui\u00e1trico Provincial (HNP) de C\u00f3rdoba, de manera conjunta con el programa la Chispa Radial que desde hace varios a\u00f1os forma parte de Zumba la Turba. <\/span><\/p>\n<p align=\"JUSTIFY\"><span style=\"font-size: medium;\">Los Pickles cuentan con una trayectoria de 15 a\u00f1os, primeramente funcionando como taller de m\u00fasica, y los \u00faltimos 10 a\u00f1os como banda musical. Actualmente la banda est\u00e1 integrada por 20 personas artistas\/m\u00fasicos en escena y una comunidad de 50 personas aproximadamente. <\/span><\/p>\n<p align=\"JUSTIFY\"><span style=\"font-size: medium;\">Las personas que forman parte de la banda han transitado internaciones psiqui\u00e1tricas en el HNP, pacientes ambulatorios del hospital, m\u00fasicos, familiares y personas de la comunidad. Considerando lo anterior, la banda Los Pickles brindan un espacio de contenci\u00f3n, integraci\u00f3n y apoyo social, un lugar donde expresarse art\u00edsticamente.<\/span><\/p>\n<p align=\"JUSTIFY\"><span style=\"font-size: medium;\">El XV encuentro latinoamericano de arte y salud mental cubre los gastos de alojamiento y comida, pero no el transporte. Por este motivo Los Pickles est\u00e1n realizando diferentes movidas solidarias para reunir dinero que permita alquilar un micro, minibus o similar para poder viajar. <\/span><\/p>\n<p align=\"JUSTIFY\"><span style=\"font-size: medium;\">Primeramente, Los Pickles est\u00e1n realizando una <\/span><span style=\"font-size: medium;\"><i><b>\u201cRifa Pickante\u201d<\/b><\/i><\/span><span style=\"font-size: medium;\"> y solidaria para recaudar fondos para el transporte. Algunos premios son: bandeja desayunadora , fuente irregular de cer\u00e1mica, letras artesanales imantadas, par de cuenco de cer\u00e1micas, mate pickle, cuaderno artesanal y muchos premios m\u00e1s. <\/span><\/p>\n<p align=\"JUSTIFY\"><span style=\"font-size: medium;\">El valor es de $500 pesos cada rifa, se puede abonar a trav\u00e9s del alias: los.pickles.mdp y el CBU: 0000003100008762780723. La notificaci\u00f3n de la compra se puede realizar a trav\u00e9s de las redes sociales: @los_pickles_abracadabra en Instagram, y los pickles abracadabra en facebook. <\/span><\/p>\n<p align=\"JUSTIFY\"><span style=\"font-size: medium;\">El sorteo ser\u00e1 realizado con el nombre del comprador el 8 de Octubre a trav\u00e9s de las redes oficiales de Los Pickles.<\/span><\/p>\n<p align=\"JUSTIFY\"><span style=\"font-size: medium;\">Por otro lado, el martes 20 de septiembre a las 19:30 en la facultad de psicolog\u00eda en la UNC Los Pickles van a recibir la primavera a pura m\u00fasica y recaudar fondos para asistir al encuentro nacional de arte y salud mental.<\/span><\/p>\n<p align=\"JUSTIFY\"><span style=\"font-size: medium;\">Para cerrar la semana, el d\u00eda Jueves 22 de septiembre a las 11 hs se va a realizar un encuentro <\/span><span style=\"font-size: medium;\"><i><b>Cafecito Pickante<\/b><\/i><\/span><span style=\"font-size: medium;\"> Solidario donde van a presentar el primer videoclip con un show en vivo. El evento se va a llevar a cabo en el Centro Cultural Graciela Carena, ubicado en Alvear 157- B\u00b0 Centro.<\/span><\/p>\n<p align=\"JUSTIFY\"><span style=\"font-size: medium;\">El \u201cCafecito Pickante\u201d no tiene costo de entrada, su finalidad es pasar la gorra a voluntad, para recaudar dinero necesario para viajar a Mar del Plata al &#8220;15\u00b0 Encuentro de Arte y Salud Mental&#8221; en el mes de octubre, representando a la Prov. de C\u00f3rdoba.<\/span><\/p>\n<div class='share-to-whatsapp-wrapper'><div class='share-on-whsp'>Share on: <\/div><div class='clear '><\/div><\/div>","protected":false},"excerpt":{"rendered":"<p>Los Pickles Abracadrabra es una banda musical que fue invitada a representar a C\u00f3rdoba en el XV encuentro latinoamericano de arte y salud mental: \u201cUna puerta a la Libertad, No al manicomio\u201d del 18 al 24 de octubre en Mar del Plata. \u00a0 La banda musical Los Pickles es la primera banda nacional surgida en [&hellip;]<\/p>\n","protected":false},"author":28,"featured_media":8181,"comment_status":"open","ping_status":"closed","sticky":false,"template":"","format":"standard","meta":{"footnotes":""},"categories":[37,263,1237],"tags":[81,52,1091,1229],"class_list":["post-8180","post","type-post","status-publish","format-standard","has-post-thumbnail","hentry","category-arte-cultura","category-la-chispa","category-salud-mental","tag-agenda-cultural","tag-cultura","tag-musica-2","tag-saludmental"],"_links":{"self":[{"href":"https:\/\/zumbalaturba.com.ar\/index.php?rest_route=\/wp\/v2\/posts\/8180","targetHints":{"allow":["GET"]}}],"collection":[{"href":"https:\/\/zumbalaturba.com.ar\/index.php?rest_route=\/wp\/v2\/posts"}],"about":[{"href":"https:\/\/zumbalaturba.com.ar\/index.php?rest_route=\/wp\/v2\/types\/post"}],"author":[{"embeddable":true,"href":"https:\/\/zumbalaturba.com.ar\/index.php?rest_route=\/wp\/v2\/users\/28"}],"replies":[{"embeddable":true,"href":"https:\/\/zumbalaturba.com.ar\/index.php?rest_route=%2Fwp%2Fv2%2Fcomments&post=8180"}],"version-history":[{"count":0,"href":"https:\/\/zumbalaturba.com.ar\/index.php?rest_route=\/wp\/v2\/posts\/8180\/revisions"}],"wp:featuredmedia":[{"embeddable":true,"href":"https:\/\/zumbalaturba.com.ar\/index.php?rest_route=\/wp\/v2\/media\/8181"}],"wp:attachment":[{"href":"https:\/\/zumbalaturba.com.ar\/index.php?rest_route=%2Fwp%2Fv2%2Fmedia&parent=8180"}],"wp:term":[{"taxonomy":"category","embeddable":true,"href":"https:\/\/zumbalaturba.com.ar\/index.php?rest_route=%2Fwp%2Fv2%2Fcategories&post=8180"},{"taxonomy":"post_tag","embeddable":true,"href":"https:\/\/zumbalaturba.com.ar\/index.php?rest_route=%2Fwp%2Fv2%2Ftags&post=8180"}],"curies":[{"name":"wp","href":"https:\/\/api.w.org\/{rel}","templated":true}]}}