{"id":9,"date":"2016-07-02T00:21:00","date_gmt":"2016-07-02T00:21:00","guid":{"rendered":""},"modified":"2016-07-07T15:52:38","modified_gmt":"2016-07-07T15:52:38","slug":"cordoba-por-el-derecho-al-aborto-y-la-sexta-es-la-vencida","status":"publish","type":"post","link":"https:\/\/zumbalaturba.com.ar\/?p=9","title":{"rendered":"C\u00f3rdoba por el derecho al aborto&#8230; y \u00bfla sexta es la vencida?"},"content":{"rendered":"<div style=\"clear: both; text-align: left;\">Durante la jornada del jueves 30 de junio se present\u00f3 en el congreso nacional un <b>nuevo proyecto de ley de interrupci\u00f3n voluntaria del embarazo de la Campa\u00f1a Nacional por el Derecho al Aborto Legal, Seguro y Gratuito<\/b>. En esta oportunidad, la sexta desde el inicio de la Campa\u00f1a en el a\u00f1o 2005, el texto va acompa\u00f1ado de la firma de 34 diputadas y diputados de diversos sectores y respaldado por la m\u00e1s de 350 organizaciones sociales, pol\u00edticas, sindicales, estudiantiles, culturales, etc., que prestan su apoyo a esta iniciativa.<\/div>\n<table style=\"width: 600px;\" border=\"1\" cellspacing=\"1\" cellpadding=\"1\" align=\"center\">\n<tbody>\n<tr>\n<td><a style=\"margin-left: 1em; margin-right: 1em;\"><img width=\"200\" height=\"150\" border=\"0\" \/><\/a><\/td>\n<td><a style=\"margin-left: 1em; margin-right: 1em;\"><img width=\"200\" height=\"150\" border=\"0\" \/><\/a><\/td>\n<td><a style=\"margin-left: 1em; margin-right: 1em;\"><img width=\"200\" height=\"150\" border=\"0\" \/><\/a><\/td>\n<\/tr>\n<\/tbody>\n<\/table>\n<p>Con algunas modificaciones en relaci\u00f3n a los proyectos anteriores, como la extensi\u00f3n del plazo de aplicaci\u00f3n de 12 a 14 semanas de embarazo y la eliminaci\u00f3n de la figura de la objeci\u00f3n de conciencia, este proyecto pretende \u00abgarantizar las condiciones sanitarias dignas, seguras y gratuitas para todas las mujeres que deciden interrumpir un embarazo (&#8230;) y a consolidar un Estado laico y democr\u00e1tico que garantice la libertad y el respeto a las creencias de todas las personas y a ampliar los horizontes de la democracia\u00bb (Declaraci\u00f3n de la Campa\u00f1a).<\/p>\n<table style=\"width: 600px;\" border=\"1\" cellspacing=\"1\" cellpadding=\"1\" align=\"center\">\n<tbody>\n<tr>\n<td><a style=\"margin-left: 1em; margin-right: 1em;\"><img width=\"200\" height=\"150\" border=\"0\" \/><\/a><\/td>\n<td><a style=\"margin-left: 1em; margin-right: 1em;\"><img width=\"200\" height=\"150\" border=\"0\" \/><\/a><\/td>\n<td><a style=\"margin-left: 1em; margin-right: 1em;\"><img width=\"200\" height=\"150\" border=\"0\" \/><\/a><\/td>\n<\/tr>\n<\/tbody>\n<\/table>\n<p>Mientras en Buenos Aires se desarrollaba una conferencia de prensa en el interior del Anexo del Congreso Nacional y un festival en sus inmediaciones, <b>en C\u00f3rdoba se expresaba el apoyo con la realizaci\u00f3n de una jornada de difusi\u00f3n y volanteada en la puerta de la Legislatura Provincial<\/b>.<\/p>\n<table style=\"width: 600px;\" border=\"1\" cellspacing=\"1\" cellpadding=\"1\" align=\"center\">\n<tbody>\n<tr>\n<td><a><img style=\"height: 150px; width: 200px;\" \/><\/a><\/td>\n<td><a><img style=\"height: 150px; width: 200px;\" \/><\/a><\/td>\n<td><a><img style=\"height: 150px; width: 200px;\" \/><\/a><\/td>\n<\/tr>\n<\/tbody>\n<\/table>\n<p><b>Victoria Dib, integrante de Mala Junta-Patria Grande y de la Campa\u00f1a Nacional por el Derecho al Aborto, <\/b>describe las novedades que presenta este proyecto en relaci\u00f3n a los anteriores y comenta la actividad. La activista adem\u00e1s insisti\u00f3 en la importancia de sacar el debate en torno al aborto del \u00e1mbito privado para \u00ab<i>pintar las calles de verde<\/i>\u00bb, la hipocres\u00eda de la corporaci\u00f3n m\u00e9dica y la falta de cumplimiento de los abortos no punibles. \u00ab<i>Tenemos derecho a una vida digna y a no ser madres si no queremos serlo<\/i>\u00bb.<\/p>\n<p style=\"text-align: center;\"><iframe src=\"http:\/\/ar.ivoox.com\/es\/player_ek_12095862_2_1.html?data=kpedm5qcepOhhpywj5WUaZS1kZWah5yncZGhhpywj5WRaZi3jpWah5yncbfdxNnc1M7Fb6Xdw4qgo5Das83Vz9nSw8nFb9Hj05DSzpDIqdPZxM3cjcbQb8LW0Nfh0ZKJe6Shs8bRy9SPntbhw8aYzsaPmNbmw8aah5yncZE.&amp;\" width=\"238\" height=\"48\" frameborder=\"0\" scrolling=\"no\" allowfullscreen=\"allowfullscreen\"><\/iframe><\/p>\n<p style=\"text-align: left;\">Por otro lado, <b>Uvita, <\/b>una joven que se acerc\u00f3 a participar de la actividad callejera, planteaba su escepticismo en torno a las posibilidades de que se legalice el aborto durante la gesti\u00f3n del gobierno de Macri, aunque asegur\u00f3 su confianza en que se llegar\u00e1 a la misma si se movilizan las bases, \u00ab<i>nos organizamos y luchamos nosotras, las personas que abortamos<\/i>\u00bb. <span style=\"font-size: x-small;\"><i>Colaboraci\u00f3n de Guillermina Huarte<\/i><\/span><\/p>\n<p style=\"text-align: center;\"><iframe src=\"http:\/\/ar.ivoox.com\/es\/player_ek_12095929_2_1.html?data=kpedm5qddpqhhpywj5WUaZS1kZWah5yncZGhhpywj5WRaZi3jpWah5yncbbqytnOh5ilb9fjzcbb1srFqMKf0dTfjcrQb8XZ08rQytSPpc2fwsfc1NnTb4ammZeSlJ6RaZi3jrfOxs7Tb7vpzsfOjdHFb7Xp08fOj4qbh46k&amp;\" width=\"238\" height=\"48\" frameborder=\"0\" scrolling=\"no\" allowfullscreen=\"allowfullscreen\"><\/iframe><\/p>\n<div class='share-to-whatsapp-wrapper'><div class='share-on-whsp'>Share on: <\/div><div class='clear '><\/div><\/div>","protected":false},"excerpt":{"rendered":"<p>Durante la jornada del jueves 30 de junio se present\u00f3 en el congreso nacional un nuevo proyecto de ley de interrupci\u00f3n voluntaria del embarazo de la Campa\u00f1a Nacional por el Derecho al Aborto Legal, Seguro y Gratuito. En esta oportunidad, la sexta desde el inicio de la Campa\u00f1a en el a\u00f1o 2005, el texto va [&hellip;]<\/p>\n","protected":false},"author":2,"featured_media":611,"comment_status":"open","ping_status":"open","sticky":false,"template":"","format":"standard","meta":{"footnotes":""},"categories":[5],"tags":[6,7],"class_list":["post-9","post","type-post","status-publish","format-standard","has-post-thumbnail","hentry","category-transfeminismos","tag-aborto","tag-feminismos"],"_links":{"self":[{"href":"https:\/\/zumbalaturba.com.ar\/index.php?rest_route=\/wp\/v2\/posts\/9","targetHints":{"allow":["GET"]}}],"collection":[{"href":"https:\/\/zumbalaturba.com.ar\/index.php?rest_route=\/wp\/v2\/posts"}],"about":[{"href":"https:\/\/zumbalaturba.com.ar\/index.php?rest_route=\/wp\/v2\/types\/post"}],"author":[{"embeddable":true,"href":"https:\/\/zumbalaturba.com.ar\/index.php?rest_route=\/wp\/v2\/users\/2"}],"replies":[{"embeddable":true,"href":"https:\/\/zumbalaturba.com.ar\/index.php?rest_route=%2Fwp%2Fv2%2Fcomments&post=9"}],"version-history":[{"count":0,"href":"https:\/\/zumbalaturba.com.ar\/index.php?rest_route=\/wp\/v2\/posts\/9\/revisions"}],"wp:featuredmedia":[{"embeddable":true,"href":"https:\/\/zumbalaturba.com.ar\/index.php?rest_route=\/wp\/v2\/media\/611"}],"wp:attachment":[{"href":"https:\/\/zumbalaturba.com.ar\/index.php?rest_route=%2Fwp%2Fv2%2Fmedia&parent=9"}],"wp:term":[{"taxonomy":"category","embeddable":true,"href":"https:\/\/zumbalaturba.com.ar\/index.php?rest_route=%2Fwp%2Fv2%2Fcategories&post=9"},{"taxonomy":"post_tag","embeddable":true,"href":"https:\/\/zumbalaturba.com.ar\/index.php?rest_route=%2Fwp%2Fv2%2Ftags&post=9"}],"curies":[{"name":"wp","href":"https:\/\/api.w.org\/{rel}","templated":true}]}}