{"id":9125,"date":"2023-12-08T23:15:39","date_gmt":"2023-12-09T02:15:39","guid":{"rendered":"https:\/\/zumbalaturba.com.ar\/?p=9125"},"modified":"2023-12-16T19:09:00","modified_gmt":"2023-12-16T22:09:00","slug":"encuentro-plurinacional-de-mujeres-y-disidencias-carceles-y-sistema-penitenciario","status":"publish","type":"post","link":"https:\/\/zumbalaturba.com.ar\/?p=9125","title":{"rendered":"Encuentro Plurinacional de Mujeres y Disidencias: C\u00e1rceles y Sistema Penitenciario"},"content":{"rendered":"\t\t<div data-elementor-type=\"wp-post\" data-elementor-id=\"9125\" class=\"elementor elementor-9125\">\n\t\t\t\t\t\t<section class=\"elementor-section elementor-top-section elementor-element elementor-element-d4c4cdc elementor-section-boxed elementor-section-height-default elementor-section-height-default\" data-id=\"d4c4cdc\" data-element_type=\"section\" data-e-type=\"section\">\n\t\t\t\t\t\t<div class=\"elementor-container elementor-column-gap-default\">\n\t\t\t\t\t<div class=\"elementor-column elementor-col-100 elementor-top-column elementor-element elementor-element-7881099\" data-id=\"7881099\" data-element_type=\"column\" data-e-type=\"column\">\n\t\t\t<div class=\"elementor-widget-wrap elementor-element-populated\">\n\t\t\t\t\t\t<div class=\"elementor-element elementor-element-7dd5bb2 elementor-widget elementor-widget-text-editor\" data-id=\"7dd5bb2\" data-element_type=\"widget\" data-e-type=\"widget\" data-widget_type=\"text-editor.default\">\n\t\t\t\t<div class=\"elementor-widget-container\">\n\t\t\t\t\t\t\t\t\t<p><img decoding=\"async\" class=\"alignnone  wp-image-9199\" src=\"https:\/\/zumbalaturba.com.ar\/wp-content\/uploads\/2023\/12\/WhatsApp-Image-2023-12-16-at-19.04.08-188x300.jpeg\" alt=\"\" width=\"97\" height=\"155\" srcset=\"https:\/\/zumbalaturba.com.ar\/wp-content\/uploads\/2023\/12\/WhatsApp-Image-2023-12-16-at-19.04.08-188x300.jpeg 188w, https:\/\/zumbalaturba.com.ar\/wp-content\/uploads\/2023\/12\/WhatsApp-Image-2023-12-16-at-19.04.08-640x1024.jpeg 640w, https:\/\/zumbalaturba.com.ar\/wp-content\/uploads\/2023\/12\/WhatsApp-Image-2023-12-16-at-19.04.08-768x1229.jpeg 768w, https:\/\/zumbalaturba.com.ar\/wp-content\/uploads\/2023\/12\/WhatsApp-Image-2023-12-16-at-19.04.08.jpeg 800w\" sizes=\"(max-width: 97px) 100vw, 97px\" \/><\/p>\t\t\t\t\t\t\t\t<\/div>\n\t\t\t\t<\/div>\n\t\t\t\t\t<\/div>\n\t\t<\/div>\n\t\t\t\t\t<\/div>\n\t\t<\/section>\n\t\t\t\t<section class=\"elementor-section elementor-top-section elementor-element elementor-element-37a26bd elementor-section-boxed elementor-section-height-default elementor-section-height-default\" data-id=\"37a26bd\" data-element_type=\"section\" data-e-type=\"section\">\n\t\t\t\t\t\t<div class=\"elementor-container elementor-column-gap-default\">\n\t\t\t\t\t<div class=\"elementor-column elementor-col-100 elementor-top-column elementor-element elementor-element-15c80a8\" data-id=\"15c80a8\" data-element_type=\"column\" data-e-type=\"column\">\n\t\t\t<div class=\"elementor-widget-wrap elementor-element-populated\">\n\t\t\t\t\t\t<div class=\"elementor-element elementor-element-2808e9fb elementor-widget__width-initial elementor-widget elementor-widget-text-editor\" data-id=\"2808e9fb\" data-element_type=\"widget\" data-e-type=\"widget\" data-widget_type=\"text-editor.default\">\n\t\t\t\t<div class=\"elementor-widget-container\">\n\t\t\t\t\t\t\t\t\t<p><\/p>\n<p><em>El 14, 15 y 16 de octubre se realiz\u00f3 en la ciudad de Bariloche el Encuentro Plurinacional de Mujeres y Disidencias N\u00ba 36, en el cual participaron m\u00e1s de 80 mil personas. Hubo 102 talleres durante los tres d\u00edas, y cada taller cont\u00f3 con dos instancias de debate y una de conclusiones. Desde Zumba la Turba cubrimos el taller \u201cC\u00e1rceles y Sistema Penitenciario\u201d enmarcado en el eje de Derechos Humanos.&nbsp;<\/em><\/p>\n<p><\/p>\n<p><\/p>\n<p class=\"has-text-align-left\">El taller comenz\u00f3 el s\u00e1bado a las 15 hs y cont\u00f3 con la participaci\u00f3n de personas de diversos \u00e1mbitos como estudiantes universitarios que hacen actividades extensionistas en las c\u00e1rceles, abogades, trabajadorxs sociales de contextos de encierro y de otras instituciones, ex preses, militantes anticarcelarixs, integrantes de movimientos sociales y de partidos pol\u00edticos, y una administrativa del Sistema Penitenciario.<\/p>\n<p><\/p>\n<p><\/p>\n<figure class=\"wp-block-image alignright size-large is-resized\"><img fetchpriority=\"high\" decoding=\"async\" width=\"1024\" height=\"631\" class=\"wp-image-9149\" style=\"width: 479px; height: auto;\" src=\"https:\/\/zumbalaturba.com.ar\/wp-content\/uploads\/2023\/12\/WhatsApp-Image-2023-11-10-at-22.03.32-3-1024x631.jpeg\" alt=\"\" srcset=\"https:\/\/zumbalaturba.com.ar\/wp-content\/uploads\/2023\/12\/WhatsApp-Image-2023-11-10-at-22.03.32-3-1024x631.jpeg 1024w, https:\/\/zumbalaturba.com.ar\/wp-content\/uploads\/2023\/12\/WhatsApp-Image-2023-11-10-at-22.03.32-3-300x185.jpeg 300w, https:\/\/zumbalaturba.com.ar\/wp-content\/uploads\/2023\/12\/WhatsApp-Image-2023-11-10-at-22.03.32-3-768x473.jpeg 768w, https:\/\/zumbalaturba.com.ar\/wp-content\/uploads\/2023\/12\/WhatsApp-Image-2023-11-10-at-22.03.32-3.jpeg 1280w\" sizes=\"(max-width: 1024px) 100vw, 1024px\" \/><\/figure>\n<p><\/p>\n<p><\/p>\n<div class=\"wp-block-group is-layout-constrained wp-block-group-is-layout-constrained\">\n<p><\/p>\n<div class=\"wp-block-group is-horizontal is-content-justification-right is-nowrap is-layout-flex wp-container-core-group-is-layout-773d6d34 wp-block-group-is-layout-flex\">\n<p><\/p>\n<p><\/p>\n<p class=\"has-text-align-left\">En el debate se propusieron ciertas tem\u00e1ticas de las cuales se logr\u00f3 abordar las relacionadas con la situaci\u00f3n actual de los contextos de encierro: el acceso a la salud, la educaci\u00f3n y el trabajo de las personas presas, el \u201cpost encierro\u201d, las madres y las infancias presas. La tem\u00e1tica de disidencias privadas de su libertad no se lleg\u00f3 a desarrollar en profundidad en el taller, como tampoco los casos de las personas Mapuche presxs o judicializadas en el territorio.<\/p>\n<p><\/p>\n<p><\/p>\n<p><\/p>\n<p class=\"has-text-align-right\">\n<\/p><p><\/p>\n<\/div>\n<p><\/p>\n<\/div>\n<p><\/p>\n<p><\/p>\n<p>Escuchamos a Roc\u00edo Jara del Movimiento de Trabajadores Exclu\u00eddos (MTE) de La Plata, asistente al taller.<\/p>\n<p><\/p>\n<p><\/p>\n<p><iframe style=\"width: 100%;\" src=\"https:\/\/www.ivoox.com\/player_ej_119282258_6_1.html?c1=9E0707)\" height=\"200\" frameborder=\"0\" scrolling=\"no\" allowfullscreen=\"allowfullscreen\"><\/iframe><\/p>\n<p><\/p>\n<p><\/p>\n<p>En relaci\u00f3n a la situaci\u00f3n edilicia se cuestion\u00f3 el discurso de algunos sectores que plantean invertir dinero para agrandar las c\u00e1rceles o construir m\u00e1s, desconociendo que la problem\u00e1tica de la sobrepoblaci\u00f3n no tiene que ver s\u00f3lo con la infraestructura, sino, sobre todo, con la l\u00f3gica estatal de dar respuesta con c\u00e1rcel a las problem\u00e1ticas sociales como la pobreza y el hambre, lo que provoca un desmedido aumento del n\u00famero de personas privadas de su libertad. Adem\u00e1s se argument\u00f3&nbsp; que la comida en mal estado y las pocas raciones que reciben lxs presxs, como la p\u00e9sima situaci\u00f3n sanitaria en las que est\u00e1n obligades a vivir son cuestiones a resolver urgente, antes de invertir en la construcci\u00f3n de m\u00e1s penales.<\/p>\n<p><\/p>\n<p><\/p>\n<p>La implicancia del sistema judicial es fundamental cuando se habla de hacinamiento en las c\u00e1rceles ya que, como se comparti\u00f3 en el taller, el exceso de prisiones preventivas hace que un gran n\u00famero de personas que a\u00fan no accedieron a un juicio, es decir que no se conoce si son culpables o inocentes, deban esperar por mucho tiempo su juicio en la c\u00e1rcel, cumpliendo anticipadamente una condena que todav\u00eda no fue dictada.<\/p>\n<p><\/p>\n<p><\/p>\n<p><\/p>\n<figure class=\"wp-block-image alignleft size-large is-resized\"><img decoding=\"async\" width=\"1024\" height=\"640\" class=\"wp-image-9141\" style=\"width: 464px; height: auto;\" src=\"https:\/\/zumbalaturba.com.ar\/wp-content\/uploads\/2023\/12\/WhatsApp-Image-2023-11-10-at-22.04.11-1024x640.jpeg\" alt=\"\" srcset=\"https:\/\/zumbalaturba.com.ar\/wp-content\/uploads\/2023\/12\/WhatsApp-Image-2023-11-10-at-22.04.11-1024x640.jpeg 1024w, https:\/\/zumbalaturba.com.ar\/wp-content\/uploads\/2023\/12\/WhatsApp-Image-2023-11-10-at-22.04.11-300x188.jpeg 300w, https:\/\/zumbalaturba.com.ar\/wp-content\/uploads\/2023\/12\/WhatsApp-Image-2023-11-10-at-22.04.11-768x480.jpeg 768w, https:\/\/zumbalaturba.com.ar\/wp-content\/uploads\/2023\/12\/WhatsApp-Image-2023-11-10-at-22.04.11.jpeg 1280w\" sizes=\"(max-width: 1024px) 100vw, 1024px\" \/><\/figure>\n<p><\/p>\n<p><\/p>\n<p>En cuanto a las condiciones sanitarias hubo varias denuncias, por ejemplo desde Fiske Menuko, R\u00edo Negro, se denunciaron graves casos de tuberculosis dentro del Establecimiento de Ejecuci\u00f3n Penal N\u00b0 2, y alertaron sobre la falta de asistencia y aislamiento de los mismos. Tambi\u00e9n, agrupaciones que acompa\u00f1an a personas gestantes denunciaron situaciones de violencia obst\u00e9trica como la obligaci\u00f3n de parir esposadas o los tratos denigrantes que reciben de m\u00e9dicos y polic\u00edas. Un dato relevante es que el sistema penitenciario de todas las provincias all\u00ed presentes s\u00f3lo habilita una o dos salidas como m\u00e1ximo por control obst\u00e9trico durante los 9 meses del embarazo.&nbsp;<\/p>\n<p><\/p>\n<p><\/p>\n<p>Muchos de los abortos que ocurren en los contextos de encierro son causados por la tortura del servicio penitenciario al negar el derecho a la salud, o por abortos espont\u00e1neos, y el sistema judicial interviene s\u00f3lo para juzgar a esas personas gestantes y extender sus condenas. Recordemos el caso de Cintya,&nbsp; quien en el 2020 fue obligada a abortar por el Servicio Penitenciario de C\u00f3rdoba cuando le negaron la asistencia m\u00e9dica urgente, teniendo que parir luego a su beb\u00e9 muerto.<\/p>\n<p><\/p>\n<p><\/p>\n<p><\/p>\n<p>Escuchamos a Romina, ex presa e integrante del MTE de La Plata.<\/p>\n<p><\/p>\n<p><\/p>\n<p><iframe style=\"width: 100%;\" src=\"https:\/\/www.ivoox.com\/player_ej_119282266_6_1.html?c1=9E0707)<iframe frameborder=\" height=\"200\" frameborder=\"0\" scrolling=\"no\" allowfullscreen=\"allowfullscreen\"><\/iframe><\/p>\n<p><\/p>\n<p><\/p>\n<p><\/p>\n<p><\/p>\n<p>En cuanto a la educaci\u00f3n, ex preses, docentes y talleristas, describieron en detalle las estrategias que despliegan los Servicio Penitenciario (SP) de los distintos penales para \u201cboicotear\u201d los talleres educativos y recreativos que se llevan a cabo dentro de los contextos de encierro. Estos talleres, que a veces son fundamentales para sobrevivir el encierro, adquieren un car\u00e1cter de <em>premio y castigo,<\/em> y no de derecho. Muchas veces no permiten la participaci\u00f3n de lxs presxs como una forma de sanci\u00f3n, no les permiten salir o les imponen requisas en el horario de los talleres para que no puedan asistir. Incluso hubo talleristas que aseguraron que el SP censur\u00f3 su espacio de taller, lxs amenaz\u00f3 y m\u00e1s tarde descubrieron que sus tel\u00e9fonos estaban pinchados.<\/p>\n<p><\/p>\n<p><\/p>\n<p><\/p>\n<figure class=\"wp-block-image alignright size-large is-resized\"><img loading=\"lazy\" decoding=\"async\" width=\"1024\" height=\"554\" class=\"wp-image-9151\" style=\"width: 499px; height: auto;\" src=\"https:\/\/zumbalaturba.com.ar\/wp-content\/uploads\/2023\/12\/WhatsApp-Image-2023-11-10-at-22.05.54-1-1024x554.jpeg\" alt=\"\" srcset=\"https:\/\/zumbalaturba.com.ar\/wp-content\/uploads\/2023\/12\/WhatsApp-Image-2023-11-10-at-22.05.54-1-1024x554.jpeg 1024w, https:\/\/zumbalaturba.com.ar\/wp-content\/uploads\/2023\/12\/WhatsApp-Image-2023-11-10-at-22.05.54-1-300x162.jpeg 300w, https:\/\/zumbalaturba.com.ar\/wp-content\/uploads\/2023\/12\/WhatsApp-Image-2023-11-10-at-22.05.54-1-768x416.jpeg 768w, https:\/\/zumbalaturba.com.ar\/wp-content\/uploads\/2023\/12\/WhatsApp-Image-2023-11-10-at-22.05.54-1.jpeg 1280w\" sizes=\"(max-width: 1024px) 100vw, 1024px\" \/><\/figure>\n<p><\/p>\n<p><\/p>\n<p>Cabe aclarar que actualmente los talleres se dan \u00fanicamente en algunas provincias o penitenciarias donde existen este tipo de propuestas educativas y recreativas, y d\u00f3nde el SP permite llevarlas a cabo. Por ejemplo en la provincia de C\u00f3rdoba, desde la pandemia, se dieron de baja todos los talleres, y nunca se retomaron; a pesar de que las propuestas educativas est\u00e1n, las puertas no se abren.<\/p>\n<p><\/p>\n<p><\/p>\n<p>Por otro lado, se puntualiz\u00f3 en la doble condena que sufren las mujeres y disidencias en varios aspectos. Las personas que maternan cargan con el doble estigma, por un lado de estar privadxs de su libertad y por otro el de ser \u201cmadres aband\u00f3nicas o malas madres\u201d. La mayor\u00eda de las personas presas en los penales de mujeres y disidencias, son jefas de hogar o sostienen las redes de cuidado intrafamiliar, por lo que cuando son detenidas, esas redes se rompen. Esto tiene como resultado que sean las menos visitadas y acompa\u00f1adas por sus familias. Hay una gran diferencia con los penales de varones, ya que generalmente quienes sostienen las redes de cuidado y asisten a esos presos son las propias mujeres.<\/p>\n<p><\/p>\n<p><\/p>\n<p>Por \u00faltimo llam\u00f3 la atenci\u00f3n la estrategia de los partidos pol\u00edticos presentes al cercenar el di\u00e1logo y el intercambio proponiendo como \u00fanica salida el \u201cvotar bien\u201d, para poder `debatir\u00b4 con los gobiernos de turno las pr\u00f3ximas pol\u00edticas reformistas de las c\u00e1rceles.<\/p>\n<p><\/p>\n<p><\/p>\n<p>Esto deriv\u00f3 en algunas discusiones sobre c\u00f3mo los feminismos y transfeminismos encaran las problem\u00e1ticas de los contextos de encierro, ya que si bien existen estos espacios para el di\u00e1logo, en la pr\u00e1ctica hay mucho camino por recorrer y son pocos los colectivos transfeministas dentro de la lucha por los derechos en las c\u00e1rceles.<\/p>\n<p><\/p>\n<p><\/p>\n<p><\/p>\n<p>Escuchamos a Pol, militante anticarcelario y asistente al taller.<\/p>\n<p><\/p>\n<p><\/p>\n<p><iframe style=\"width: 100%;\" src=\"https:\/\/www.ivoox.com\/player_ej_119282274_6_1.html?c1=9E0707)<iframe frameborder=\" height=\"200\" frameborder=\"0\" scrolling=\"no\" allowfullscreen=\"allowfullscreen\"><\/p>\n<p><\/p>\n<p><\/p>\n<p><\/p>\n<p>Entre las conclusiones del taller se acord\u00f3 sobre la necesidad e importancia de trabajar en red para acompa\u00f1ar a lxs presxs tanto en su tr\u00e1nsito por las carceles, ya que la violaci\u00f3n a todos los derechos humanos se hace inaudita, como una vez que recuperan su libertad, por el estigma que conlleva el encierro. En este sentido se destac\u00f3 la relevancia que tienen las cooperativas de trabajo de ex detenides por el acompa\u00f1amiento y la posibilidad de un ingreso para sostenerse a s\u00ed mismos y a sus familias.<\/p>\n<p><\/p>\n<p><\/p>\n<p>Se plante\u00f3 como urgente la necesidad de cuestionar el discurso social estigmatizante y marginador sobre las personas presas para, en su lugar, entenderles como sujetos de derecho y merecedores de una vida digna.<\/p>\n<p><\/p>\n<p><\/p>\n<p>Con esta realidad no se puede pensar a las c\u00e1rceles y al encierro como \u201cformas de reinserci\u00f3n social\u201d. Queda en evidencia que el Sistema Penitenciario tiene autonom\u00eda para actuar de manera nefasta y torturar de m\u00faltiples formas a las personas privadas de su libertad, en concomitancia con el sistema judicial.<\/p>\n<p><\/p>\n<p><\/p>\n<p>Luego del cierre de los talleres, el 16 de octubre se realiz\u00f3 la multitudinaria marcha por las calles de Bariloche, y all\u00ed varias personas dejaron en claro que Puel Mapu, sede del encuentro, <em>no es un territorio pacifico<\/em> porque hasta el d\u00eda de hoy el estado, su aparato represivo y los sicarios del sistema econ\u00f3mico privado <em>persiguen, encarcelan, destruyen las rukas, roban y asesinan<\/em> a los pueblos y naciones originarios. El Pueblo-Naci\u00f3n Mapuche, entre otras reivindicaciones, march\u00f3 exigiendo la libertad de la lagmien J\u00e9ssica Bonnefoi Carriqueo Antimil, integrante de la comunidad Lafken Winkul Mapu en Villa Mascardi, que est\u00e1 detenida desde octubre de 2022 por la Justicia Federal y hoy se encuentra en arresto domiciliario lejos de sus hijxs.\u00a0<\/p>\n<p><\/p>\n<p><\/p>\n<p><\/p>\n<p><\/p>\n<figure class=\"wp-block-image aligncenter size-large is-resized\"><img loading=\"lazy\" decoding=\"async\" width=\"1024\" height=\"592\" src=\"https:\/\/zumbalaturba.com.ar\/wp-content\/uploads\/2023\/12\/WhatsApp-Image-2023-11-10-at-22.04.45-1024x592.jpeg\" alt=\"\" class=\"wp-image-9142\" style=\"width: 648px; height: auto;\" srcset=\"https:\/\/zumbalaturba.com.ar\/wp-content\/uploads\/2023\/12\/WhatsApp-Image-2023-11-10-at-22.04.45-1024x592.jpeg 1024w, https:\/\/zumbalaturba.com.ar\/wp-content\/uploads\/2023\/12\/WhatsApp-Image-2023-11-10-at-22.04.45-300x173.jpeg 300w, https:\/\/zumbalaturba.com.ar\/wp-content\/uploads\/2023\/12\/WhatsApp-Image-2023-11-10-at-22.04.45-768x444.jpeg 768w, https:\/\/zumbalaturba.com.ar\/wp-content\/uploads\/2023\/12\/WhatsApp-Image-2023-11-10-at-22.04.45.jpeg 1280w\" sizes=\"(max-width: 1024px) 100vw, 1024px\" \/><\/figure>\n<p><\/p>\n<p><\/p>\n<p><\/iframe><\/p>\n<p><span style=\"font-weight: 400;\">Entre las conclusiones del taller se acord\u00f3 sobre la necesidad e importancia de trabajar en red para acompa\u00f1ar a lxs presxs tanto en su tr\u00e1nsito por las carceles, ya que la violaci\u00f3n a todos los derechos humanos se hace inaudita, como una vez que recuperan su libertad, por el estigma que conlleva el encierro. En este sentido se destac\u00f3 la relevancia que tienen las cooperativas de trabajo de ex detenides por el acompa\u00f1amiento y la posibilidad de un ingreso para sostenerse a s\u00ed mismos y a sus familias.<\/span><\/p>\n<p><span style=\"font-weight: 400;\">Se plante\u00f3 como urgente la necesidad de cuestionar el discurso social estigmatizante y marginador sobre las personas presas para, en su lugar, entenderles como sujetos de derecho y merecedores de una vida digna.<\/span><\/p>\n<p><\/p>\n<p><span style=\"font-weight: 400;\">Con esta realidad no se puede pensar a las c\u00e1rceles y al encierro como \u201cformas de reinserci\u00f3n social\u201d. Queda en evidencia que el Sistema Penitenciario tiene autonom\u00eda para actuar de manera nefasta y torturar de m\u00faltiples formas a las personas privadas de su libertad, en concomitancia con el sistema judicial.<\/span><\/p>\n<p><span style=\"font-weight: 400;\">Luego del cierre de los talleres, el 16 de octubre se realiz\u00f3 la multitudinaria marcha por las calles de Bariloche, y all\u00ed varias personas dejaron en claro que Puel Mapu, sede del encuentro, <\/span><i><span style=\"font-weight: 400;\">no es un territorio pacifico<\/span><\/i><span style=\"font-weight: 400;\"> porque hasta el d\u00eda de hoy el estado, su aparato represivo y los sicarios del sistema econ\u00f3mico privado <\/span><i><span style=\"font-weight: 400;\">persiguen, encarcelan, destruyen las rukas, roban y asesinan<\/span><\/i><span style=\"font-weight: 400;\"> a los pueblos y naciones originarios. El Pueblo-Naci\u00f3n Mapuche, entre otras reivindicaciones, march\u00f3 exigiendo la libertad de la lagmien J\u00e9ssica Bonnefoi Carriqueo Antimil, integrante de la comunidad Lafken Winkul Mapu en Villa Mascardi, que est\u00e1 detenida desde octubre de 2022 por la Justicia Federal y hoy se encuentra en arresto domiciliario lejos de sus hijxs.<\/span><\/p><p><span style=\"font-weight: 400;\"><br><\/span><\/p>\n<p><\/p>\t\t\t\t\t\t\t\t<\/div>\n\t\t\t\t<\/div>\n\t\t\t\t<div class=\"elementor-element elementor-element-c8a099b elementor-widget elementor-widget-image\" data-id=\"c8a099b\" data-element_type=\"widget\" data-e-type=\"widget\" data-widget_type=\"image.default\">\n\t\t\t\t<div class=\"elementor-widget-container\">\n\t\t\t\t\t\t\t\t\t\t\t\t\t\t\t<img decoding=\"async\" src=\"https:\/\/zumbalaturba.com.ar\/wp-content\/plugins\/elementor\/assets\/images\/placeholder.png\" title=\"\" alt=\"\" loading=\"lazy\" \/>\t\t\t\t\t\t\t\t\t\t\t\t\t\t\t<\/div>\n\t\t\t\t<\/div>\n\t\t\t\t<div class=\"elementor-element elementor-element-e467fac elementor-widget elementor-widget-image\" data-id=\"e467fac\" data-element_type=\"widget\" data-e-type=\"widget\" data-widget_type=\"image.default\">\n\t\t\t\t<div class=\"elementor-widget-container\">\n\t\t\t\t\t\t\t\t\t\t\t\t\t\t\t<img loading=\"lazy\" decoding=\"async\" width=\"800\" height=\"463\" src=\"https:\/\/zumbalaturba.com.ar\/wp-content\/uploads\/2023\/12\/WhatsApp-Image-2023-11-10-at-22.04.45-1024x592.jpeg\" class=\"attachment-large size-large wp-image-9142\" alt=\"\" srcset=\"https:\/\/zumbalaturba.com.ar\/wp-content\/uploads\/2023\/12\/WhatsApp-Image-2023-11-10-at-22.04.45-1024x592.jpeg 1024w, https:\/\/zumbalaturba.com.ar\/wp-content\/uploads\/2023\/12\/WhatsApp-Image-2023-11-10-at-22.04.45-300x173.jpeg 300w, https:\/\/zumbalaturba.com.ar\/wp-content\/uploads\/2023\/12\/WhatsApp-Image-2023-11-10-at-22.04.45-768x444.jpeg 768w, https:\/\/zumbalaturba.com.ar\/wp-content\/uploads\/2023\/12\/WhatsApp-Image-2023-11-10-at-22.04.45.jpeg 1280w\" sizes=\"(max-width: 800px) 100vw, 800px\" \/>\t\t\t\t\t\t\t\t\t\t\t\t\t\t\t<\/div>\n\t\t\t\t<\/div>\n\t\t\t\t<div class=\"elementor-element elementor-element-10c76ec elementor-widget-divider--view-line elementor-widget elementor-widget-divider\" data-id=\"10c76ec\" data-element_type=\"widget\" data-e-type=\"widget\" data-widget_type=\"divider.default\">\n\t\t\t\t<div class=\"elementor-widget-container\">\n\t\t\t\t\t\t\t<div class=\"elementor-divider\">\n\t\t\t<span class=\"elementor-divider-separator\">\n\t\t\t\t\t\t<\/span>\n\t\t<\/div>\n\t\t\t\t\t\t<\/div>\n\t\t\t\t<\/div>\n\t\t\t\t\t<\/div>\n\t\t<\/div>\n\t\t\t\t\t<\/div>\n\t\t<\/section>\n\t\t\t\t<\/div>\n\t\t<div class='share-to-whatsapp-wrapper'><div class='share-on-whsp'>Share on: <\/div><div class='clear '><\/div><\/div>","protected":false},"excerpt":{"rendered":"<p>El 14, 15 y 16 de octubre se realiz\u00f3 en la ciudad de Bariloche el Encuentro Plurinacional de Mujeres y Disidencias N\u00ba 36, en el cual participaron m\u00e1s de 80 mil personas. Hubo 102 talleres durante los tres d\u00edas, y cada taller cont\u00f3 con dos instancias de debate y una de conclusiones. Desde Zumba la [&hellip;]<\/p>\n","protected":false},"author":23,"featured_media":9126,"comment_status":"closed","ping_status":"closed","sticky":true,"template":"","format":"standard","meta":{"footnotes":""},"categories":[38,1241,5],"tags":[1223,1243],"class_list":["post-9125","post","type-post","status-publish","format-standard","has-post-thumbnail","hentry","category-anticarcelario-antrepresivo","category-ddhh","category-transfeminismos","tag-anticarcelario","tag-transfeminismo"],"_links":{"self":[{"href":"https:\/\/zumbalaturba.com.ar\/index.php?rest_route=\/wp\/v2\/posts\/9125","targetHints":{"allow":["GET"]}}],"collection":[{"href":"https:\/\/zumbalaturba.com.ar\/index.php?rest_route=\/wp\/v2\/posts"}],"about":[{"href":"https:\/\/zumbalaturba.com.ar\/index.php?rest_route=\/wp\/v2\/types\/post"}],"author":[{"embeddable":true,"href":"https:\/\/zumbalaturba.com.ar\/index.php?rest_route=\/wp\/v2\/users\/23"}],"replies":[{"embeddable":true,"href":"https:\/\/zumbalaturba.com.ar\/index.php?rest_route=%2Fwp%2Fv2%2Fcomments&post=9125"}],"version-history":[{"count":0,"href":"https:\/\/zumbalaturba.com.ar\/index.php?rest_route=\/wp\/v2\/posts\/9125\/revisions"}],"wp:featuredmedia":[{"embeddable":true,"href":"https:\/\/zumbalaturba.com.ar\/index.php?rest_route=\/wp\/v2\/media\/9126"}],"wp:attachment":[{"href":"https:\/\/zumbalaturba.com.ar\/index.php?rest_route=%2Fwp%2Fv2%2Fmedia&parent=9125"}],"wp:term":[{"taxonomy":"category","embeddable":true,"href":"https:\/\/zumbalaturba.com.ar\/index.php?rest_route=%2Fwp%2Fv2%2Fcategories&post=9125"},{"taxonomy":"post_tag","embeddable":true,"href":"https:\/\/zumbalaturba.com.ar\/index.php?rest_route=%2Fwp%2Fv2%2Ftags&post=9125"}],"curies":[{"name":"wp","href":"https:\/\/api.w.org\/{rel}","templated":true}]}}