{"id":927,"date":"2016-07-21T09:59:04","date_gmt":"2016-07-21T09:59:04","guid":{"rendered":"http:\/\/zumbalaturba.com.ar\/?p=927"},"modified":"2016-07-22T13:37:41","modified_gmt":"2016-07-22T13:37:41","slug":"tetada-masiva-en-cordoba","status":"publish","type":"post","link":"https:\/\/zumbalaturba.com.ar\/?p=927","title":{"rendered":"Teteada masiva en C\u00f3rdoba"},"content":{"rendered":"<p>Se realizar\u00e1 el pr\u00f3ximo s\u00e1bado 23 de julio a las 15hs en la ex plaza V\u00e9lez S\u00e1rsfield, frente al Patio Olmos con motivo de repudiar lo acontecido en la localidad de San Isidro, cuando una joven se encontraba dando la teta a su beb\u00e9 denunci\u00f3 que polic\u00edas locales la quisieron detener con el argumento de que est\u00e1 prohibido amamantar en p\u00fablico.<\/p>\n<p>Hace unos d\u00edas, en la localidad bonaerense de San Isidro, personal policial intent\u00f3 impedir que una joven amamantara a su beb\u00e9 en una plaza p\u00fablica, le exigi\u00f3 la documentaci\u00f3n personal e incluso intent\u00f3 detenerla ante su pedido de explicaciones. Posteriormente, Constanza, la joven interpelada, no consigui\u00f3 que ning\u00fan estamento oficial receptara su denuncia ante la violencia sufrida y decidi\u00f3 hacerla por las redes sociales.<\/p>\n<p>Su reclamo se multiplic\u00f3 y gener\u00f3 una convocatoria para un <b>piquetetazo<\/b>,<b> <\/b>originalmente en San Isidro pero que pronto encontr\u00f3 eco en muchos otros puntos del pa\u00eds.<br \/>\nC\u00f3rdoba se sum\u00f3 a esta iniciativa y conversamos en el Enredando las Ma\u00f1anas con Betiana Cabrera Fasolis,de Mumala, una de las organizaciones convocantes.<br \/>\nLa cita ser\u00e1 este s\u00e1bado 23 de julio a las 15 hs.,en la plaza Agust\u00edn Tosco (ex plaza V\u00e9lez Sarsfield).<\/p>\n<p><strong>Escuchar <a href=\"https:\/\/archive.org\/download\/ELM20-07-2016AUDIOS\/Cuarto%20Bloqe%20-%20PiqueTetazo.mp3\" target=\"_blank\" data-saferedirecturl=\"https:\/\/www.google.com\/url?hl=es&amp;q=https:\/\/archive.org\/download\/ELM20-07-2016AUDIOS\/Cuarto%2520Bloqe%2520-%2520PiqueTetazo.mp3&amp;source=gmail&amp;ust=1469280351422000&amp;usg=AFQjCNHpkRmWvQ70lhNTIW893Tol3WkUWQ\">audio<\/a><\/strong><\/p>\n<p>Al respecto, Betiana compart\u00eda que la iniciativa &#8220;comenz\u00f3 siendo tal vez una convocatoria de repudio ante este hecho de clara violencia institucional, y ahora se transform\u00f3 en una jornada que intenta concientizar y visibilizar algo que tambi\u00e9n es violencia de g\u00e9nero y algo que tambi\u00e9n es un derecho fundamental de ni\u00f1os, ni\u00f1as y de las madres y uno de los principales pilares de lo que es la soberan\u00eda alimentaria: el poder amamantar a nuestros hijos libremente y en el lugar en que lo necesiten&#8221;.<\/p>\n<p>En relaci\u00f3n al alcance y repercusi\u00f3n que alcanz\u00f3 la convocatoria, la integrante de Mumala no duda en enmarcarlos entre los logros alcanzados por la lucha contra la violencia de g\u00e9nero, en el sentido de que &#8220;como sociedad estamos un poco m\u00e1s sensibilizados contra todo lo que tiene que ver con la violencia de g\u00e9nero, y digo violencia de g\u00e9nero en el sentido de que cualquier mensaje o cualquier metamensaje que nosotros vemos a nivel social que signifique que las madres o las mujeres que acaban de tener a sus hijos tengan que relegarse al espacio del hogar, al espacio de lo privado, de lo oculto, atenta contra el desarrollo laboral, acad\u00e9mico, y el desempe\u00f1o. Es decir, ser madres, nos imposibilita cualquier intervenci\u00f3n en lo p\u00fablico hasta que no dejemos de alimentar a nuestros hijos, o atenta contra esto&#8221;.<\/p>\n<p>&#8220;Pero tambi\u00e9n -agrega, incorporando una dimensi\u00f3n en torno a la comunicaci\u00f3n- yo creo que en esto juegan un rol muy importante los medios de comunicaci\u00f3n alternativos, y sobre todo las redes sociales, que vienen a democratizar esto que antes quedaba en un \u00e1mbito muy reducido. Entonces yo creo que esta chica, despu\u00e9s de que ella trata de hacer una denuncia -que por supuesto le responden cualquier cosa-, en una oficina de la mujer, hace su descargo en las redes sociales y esto empieza a viralizarse y a multiplicarse, yo creo que muestra la potencia y la sinergia de todos aquellos que estamos convencidos de que estas cosas hay que visibilizarlas y a su vez, hay que darle una potencia, hay que aprovechar y empezara concientizar para empezar a desnaturalizar estas pr\u00e1cticas muy arraigadas&#8221;.<\/p>\n<p>Esta violencia es tambi\u00e9n un modo de disciplinar la presencia de los cuerpos de las mujeres y los sentidos desde los que \u00e9stos se &#8220;exponen&#8221;. Al respecto, Betiana afirma que mientras\u00a0 &#8220;cualquier mujer que hoy est\u00e1 dando la teta por la calle, est\u00e1 sujeta a que le digan alguna guasada o alguna barbaridad. O muchas de ellas, en sus lugares de trabajo, lo \u00fanico que les queda es ir a dar la teta a los ba\u00f1os&#8221;, en esta sociedad &#8220;hay un alto grado de hipocres\u00eda y de doble moral, porque el marketing se sirve en las publicidades y en los programas de mayor rating de tetas &#8220;cachondas&#8221;, digamos, y de cuerpos totalmente objetualizados que probablemente no se condicen con el cuerpo de la media de las argentinas, pero reprime una teta que alimenta&#8221;.<\/p>\n<p>Desde su perspectiva profesional, como m\u00e9dica, Cabrera tambi\u00e9n tiene cr\u00edticas hacia este hecho, en t\u00e9rminos de lo que implica la lactancia materna como base de la soberan\u00eda alimentaria y elemento fundamental de la alimentaci\u00f3n de lxs ni\u00f1xs reci\u00e9n nacidxs. &#8220;Este mensaje -explica- es terrible, nosotros desde el campo de la salud estamos constantemente combatiendo estos mensajes de que dar la teta atenta contra el cuerpo femenino, que tiene que ver con una cuesti\u00f3n est\u00e9tica. Esas son todas materias pendientes que permanentemente estamos discutiendo y combatiendo porque bueno, sin lugar a dudas, la lactancia materna exclusiva hasta los seis meses con la incorporaci\u00f3n de alimentos hasta los dos a\u00f1os, sigue siendo la mejor opci\u00f3n de alimentaci\u00f3n, salvo muy pocas excepciones y condiciones cl\u00ednicas, no lo reemplaza ninguna leche maternizada de ning\u00fan laboratorio, de ninguna industria farmac\u00e9utica&#8221;.<\/p>\n<p>Finalmente, expres\u00f3 que la convocatoria no busca interpelar solo a mujeres que est\u00e9n amamantando, &#8220;sino que esperamos a toda la familia, hombres, ni\u00f1os, mujeres, porque tiene que ver con c\u00f3mo trabajamos y c\u00f3mo empezamos a cuestionar este poder hegem\u00f3nico que nos da estos mensajes tan perversos y tan contradictorios&#8221;.<\/p>\n<p><span class=\"_4n-j fsl\">Teteada masiva , en contra de lo sucedido en San Isidro. \u00a1Que nunca ning\u00fan polic\u00eda, gobernante ni nadie nos diga donde amamantar!<\/span> <a href=\"https:\/\/www.facebook.com\/events\/896632737132335\/\">Evento en Facebook: <\/a><\/p>\n<div class='share-to-whatsapp-wrapper'><div class='share-on-whsp'>Share on: <\/div><div class='clear '><\/div><\/div>","protected":false},"excerpt":{"rendered":"<p>Se realizar\u00e1 el pr\u00f3ximo s\u00e1bado 23 de julio a las 15hs en la ex plaza V\u00e9lez S\u00e1rsfield, frente al Patio Olmos con motivo de repudiar lo acontecido en la localidad de San Isidro, cuando una joven se encontraba dando la teta a su beb\u00e9 denunci\u00f3 que polic\u00edas locales la quisieron detener con el argumento de [&hellip;]<\/p>\n","protected":false},"author":2,"featured_media":928,"comment_status":"open","ping_status":"open","sticky":false,"template":"","format":"standard","meta":{"footnotes":""},"categories":[18,5],"tags":[],"class_list":["post-927","post","type-post","status-publish","format-standard","has-post-thumbnail","hentry","category-elm","category-transfeminismos"],"_links":{"self":[{"href":"https:\/\/zumbalaturba.com.ar\/index.php?rest_route=\/wp\/v2\/posts\/927","targetHints":{"allow":["GET"]}}],"collection":[{"href":"https:\/\/zumbalaturba.com.ar\/index.php?rest_route=\/wp\/v2\/posts"}],"about":[{"href":"https:\/\/zumbalaturba.com.ar\/index.php?rest_route=\/wp\/v2\/types\/post"}],"author":[{"embeddable":true,"href":"https:\/\/zumbalaturba.com.ar\/index.php?rest_route=\/wp\/v2\/users\/2"}],"replies":[{"embeddable":true,"href":"https:\/\/zumbalaturba.com.ar\/index.php?rest_route=%2Fwp%2Fv2%2Fcomments&post=927"}],"version-history":[{"count":0,"href":"https:\/\/zumbalaturba.com.ar\/index.php?rest_route=\/wp\/v2\/posts\/927\/revisions"}],"wp:featuredmedia":[{"embeddable":true,"href":"https:\/\/zumbalaturba.com.ar\/index.php?rest_route=\/wp\/v2\/media\/928"}],"wp:attachment":[{"href":"https:\/\/zumbalaturba.com.ar\/index.php?rest_route=%2Fwp%2Fv2%2Fmedia&parent=927"}],"wp:term":[{"taxonomy":"category","embeddable":true,"href":"https:\/\/zumbalaturba.com.ar\/index.php?rest_route=%2Fwp%2Fv2%2Fcategories&post=927"},{"taxonomy":"post_tag","embeddable":true,"href":"https:\/\/zumbalaturba.com.ar\/index.php?rest_route=%2Fwp%2Fv2%2Ftags&post=927"}],"curies":[{"name":"wp","href":"https:\/\/api.w.org\/{rel}","templated":true}]}}