{"id":9397,"date":"2024-07-19T14:56:48","date_gmt":"2024-07-19T17:56:48","guid":{"rendered":"https:\/\/zumbalaturba.com.ar\/?p=9397"},"modified":"2024-07-19T14:56:50","modified_gmt":"2024-07-19T17:56:50","slug":"taller-de-militancia-ciudadana-en-salud-mental","status":"publish","type":"post","link":"https:\/\/zumbalaturba.com.ar\/?p=9397","title":{"rendered":"Taller de Militancia Ciudadana en Salud Mental"},"content":{"rendered":"\n\n\n<p>En el Enredando Las Ma\u00f1anas del martes 16 de julio entrevistamos a Javier, integrante de la Asamblea de Usuaries de Salud Mental de la ciudad de Rosario, sobre el lanzamiento del taller online &#8220;Militancia Ciudadana en Salud Mental&#8221; que comenzar\u00e1 el domingo 21 de julio a las 19hs. El taller es gratuito y abierto al p\u00fablico y contar\u00e1 con la participaci\u00f3n de especialistas, militantes, usuarixs, entre otros. Se desarrollar\u00e1 a lo largo de varios encuentros a trav\u00e9s de la plataforma zoom y para participar hay que comunicarse al 3541-328396.<\/p>\n<p>En la entrevista dialogamos y reflexionamos con Javier sobre el abordaje ciudadano actual de la Salud Mental, la mirada de lxs ususaries y lxs acompa\u00f1antes, las perspectivas cl\u00ednicas y sociol\u00f3gicas sobre este t\u00f3pico.\u00a0 Ademas nos dio un pantallazo sobre la situaci\u00f3n de la salud p\u00fablica y nos comparti\u00f3 reflexiones muy interesantes.<\/p>\n<p>Escuch\u00e1 la entrevista completa<\/p>\n<p><iframe src=\"https:\/\/www.ivoox.com\/player_ej_131848427_6_1.html?c1=D41212\" width=\"100%\" height=\"200\" frameborder=\"0\" scrolling=\"no\" allowfullscreen=\"allowfullscreen\"><\/iframe><\/p>\n<div class='share-to-whatsapp-wrapper'><div class='share-on-whsp'>Share on: <\/div><div class='clear '><\/div><\/div>","protected":false},"excerpt":{"rendered":"<p>En el Enredando Las Ma\u00f1anas del martes 16 de julio entrevistamos a Javier, integrante de la Asamblea de Usuaries de Salud Mental de la ciudad de Rosario, sobre el lanzamiento del taller online &#8220;Militancia Ciudadana en Salud Mental&#8221; que comenzar\u00e1 el domingo 21 de julio a las 19hs. El taller es gratuito y abierto al [&hellip;]<\/p>\n","protected":false},"author":23,"featured_media":9398,"comment_status":"closed","ping_status":"closed","sticky":true,"template":"","format":"standard","meta":{"footnotes":""},"categories":[18,3,1237],"tags":[346,451,390,115],"class_list":["post-9397","post","type-post","status-publish","format-standard","has-post-thumbnail","hentry","category-elm","category-rnma","category-salud-mental","tag-ddhh","tag-enredando-las-mananas","tag-rnma","tag-salud-mental"],"_links":{"self":[{"href":"https:\/\/zumbalaturba.com.ar\/index.php?rest_route=\/wp\/v2\/posts\/9397","targetHints":{"allow":["GET"]}}],"collection":[{"href":"https:\/\/zumbalaturba.com.ar\/index.php?rest_route=\/wp\/v2\/posts"}],"about":[{"href":"https:\/\/zumbalaturba.com.ar\/index.php?rest_route=\/wp\/v2\/types\/post"}],"author":[{"embeddable":true,"href":"https:\/\/zumbalaturba.com.ar\/index.php?rest_route=\/wp\/v2\/users\/23"}],"replies":[{"embeddable":true,"href":"https:\/\/zumbalaturba.com.ar\/index.php?rest_route=%2Fwp%2Fv2%2Fcomments&post=9397"}],"version-history":[{"count":0,"href":"https:\/\/zumbalaturba.com.ar\/index.php?rest_route=\/wp\/v2\/posts\/9397\/revisions"}],"wp:featuredmedia":[{"embeddable":true,"href":"https:\/\/zumbalaturba.com.ar\/index.php?rest_route=\/wp\/v2\/media\/9398"}],"wp:attachment":[{"href":"https:\/\/zumbalaturba.com.ar\/index.php?rest_route=%2Fwp%2Fv2%2Fmedia&parent=9397"}],"wp:term":[{"taxonomy":"category","embeddable":true,"href":"https:\/\/zumbalaturba.com.ar\/index.php?rest_route=%2Fwp%2Fv2%2Fcategories&post=9397"},{"taxonomy":"post_tag","embeddable":true,"href":"https:\/\/zumbalaturba.com.ar\/index.php?rest_route=%2Fwp%2Fv2%2Ftags&post=9397"}],"curies":[{"name":"wp","href":"https:\/\/api.w.org\/{rel}","templated":true}]}}