{"id":95,"date":"2015-10-23T12:58:00","date_gmt":"2015-10-23T12:58:00","guid":{"rendered":"http:\/\/zumbalaturba.com.ar\/2015\/10\/23\/desaparecida-en-democracia-6-anos-sin-yamila-cuello\/"},"modified":"2016-07-06T01:01:36","modified_gmt":"2016-07-06T01:01:36","slug":"desaparecida-en-democracia-6-anos-sin-yamila-cuello","status":"publish","type":"post","link":"https:\/\/zumbalaturba.com.ar\/?p=95","title":{"rendered":"Desaparecida en democracia \/ 6 a\u00f1os sin Yamila Cuello"},"content":{"rendered":"<div style=\"clear: both; text-align: center;\"><a href=\"http:\/\/2.bp.blogspot.com\/-B-UdYkYCxcQ\/VioxdaGWpVI\/AAAAAAAABv4\/1GV--X4lo6E\/s1600\/12052403_910742495658605_1303818948167018261_o.jpg\" style=\"margin-left: 1em; margin-right: 1em;\"><img fetchpriority=\"high\" decoding=\"async\" border=\"0\" height=\"235\" src=\"http:\/\/2.bp.blogspot.com\/-B-UdYkYCxcQ\/VioxdaGWpVI\/AAAAAAAABv4\/1GV--X4lo6E\/s640\/12052403_910742495658605_1303818948167018261_o.jpg\" width=\"640\" \/><\/a><\/div>\n<p>Yamila Elizabeth Cuello se encuentra desaparecida desde el d\u00eda 25 de  octubre de 2009 en el barrio Coronel Olmedo de la ciudad de C\u00f3rdoba.<br \/>La causa esta a cargo de la Justicia Federal que ha caratulado la desaparici\u00f3n de Yamila como posible trata de personas.<\/p>\n<p>Yamila es s\u00f3lo una de las 3.231 de mujeres y 2.801 hombres que seg\u00fan un  reciente y cuestionable informe del Gobierno Nacional se encuentran  desaparecidxs entre los a\u00f1os 1990 y 2013. El Gobierno de C\u00f3rdoba se neg\u00f3  a brinda<span>r informaci\u00f3n sobre desaparecidxs a este informe dejando en evidencia su complicidad.<\/span><\/p>\n<div>EXIJAMOS MOVILIZADOS Y EN LA CALLE UNA BUSQUEDA REAL DE LXS DESAPARECIDXS EN DEMOCRACIA!!!<\/p>\n<p>MARCHA \/ viernes 23 de OCTUBRE, a las 18hs desde COL\u00d3N y CA\u00d1ADA, ciudad de C\u00f3rdoba.<\/p>\n<div style=\"clear: both; text-align: center;\"><iframe allowfullscreen=\"\" data-thumbnail-src=\"https:\/\/i.ytimg.com\/vi\/mp83o7iQwy8\/0.jpg\" frameborder=\"0\" height=\"266\" src=\"https:\/\/www.youtube.com\/embed\/mp83o7iQwy8?feature=player_embedded\" width=\"320\"><\/iframe><\/div>\n<\/div>\n<div class='share-to-whatsapp-wrapper'><div class='share-on-whsp'>Share on: <\/div><div class='clear '><\/div><\/div>","protected":false},"excerpt":{"rendered":"<p>Yamila Elizabeth Cuello se encuentra desaparecida desde el d\u00eda 25 de octubre de 2009 en el barrio Coronel Olmedo de la ciudad de C\u00f3rdoba.La causa esta a cargo de la Justicia Federal que ha caratulado la desaparici\u00f3n de Yamila como posible trata de personas. Yamila es s\u00f3lo una de las 3.231 de mujeres y 2.801 [&hellip;]<\/p>\n","protected":false},"author":2,"featured_media":0,"comment_status":"open","ping_status":"open","sticky":false,"template":"","format":"standard","meta":{"footnotes":""},"categories":[5],"tags":[],"class_list":["post-95","post","type-post","status-publish","format-standard","hentry","category-transfeminismos"],"_links":{"self":[{"href":"https:\/\/zumbalaturba.com.ar\/index.php?rest_route=\/wp\/v2\/posts\/95","targetHints":{"allow":["GET"]}}],"collection":[{"href":"https:\/\/zumbalaturba.com.ar\/index.php?rest_route=\/wp\/v2\/posts"}],"about":[{"href":"https:\/\/zumbalaturba.com.ar\/index.php?rest_route=\/wp\/v2\/types\/post"}],"author":[{"embeddable":true,"href":"https:\/\/zumbalaturba.com.ar\/index.php?rest_route=\/wp\/v2\/users\/2"}],"replies":[{"embeddable":true,"href":"https:\/\/zumbalaturba.com.ar\/index.php?rest_route=%2Fwp%2Fv2%2Fcomments&post=95"}],"version-history":[{"count":0,"href":"https:\/\/zumbalaturba.com.ar\/index.php?rest_route=\/wp\/v2\/posts\/95\/revisions"}],"wp:attachment":[{"href":"https:\/\/zumbalaturba.com.ar\/index.php?rest_route=%2Fwp%2Fv2%2Fmedia&parent=95"}],"wp:term":[{"taxonomy":"category","embeddable":true,"href":"https:\/\/zumbalaturba.com.ar\/index.php?rest_route=%2Fwp%2Fv2%2Fcategories&post=95"},{"taxonomy":"post_tag","embeddable":true,"href":"https:\/\/zumbalaturba.com.ar\/index.php?rest_route=%2Fwp%2Fv2%2Ftags&post=95"}],"curies":[{"name":"wp","href":"https:\/\/api.w.org\/{rel}","templated":true}]}}