{"id":953,"date":"2016-07-21T13:33:35","date_gmt":"2016-07-21T13:33:35","guid":{"rendered":"http:\/\/zumbalaturba.com.ar\/?p=953"},"modified":"2016-07-22T13:36:40","modified_gmt":"2016-07-22T13:36:40","slug":"se-viene-el-v-encuentro-latinoamericano-de-varones-antipatriarcales","status":"publish","type":"post","link":"https:\/\/zumbalaturba.com.ar\/?p=953","title":{"rendered":"Se viene el V Encuentro Latinoamericano de Varones Antipatriarcales"},"content":{"rendered":"<p>En agosto de este a\u00f1o se realizar\u00e1 en C\u00f3rdoba el V Encuentro Latinoamericano de Varones Antipatriarcales. Para comentarnos c\u00f3mo viene y qu\u00e9 hacer para participar, visitaron los estudios de Zumba la Turba <b>Ariel y Jos\u00e9 del Colectivo de Varones Antipatriarcales de C\u00f3rdoba.<\/b><\/p>\n<p>La invitaci\u00f3n llev\u00f3 a una conversaci\u00f3n en torno a qu\u00e9 implica ser\/construirse como &#8220;var\u00f3n antipatriarcal&#8221; en nuestra sociedad, entre otras cosas.<\/p>\n<p><strong>Escuchar <a href=\"https:\/\/archive.org\/download\/ELM20-07-2016AUDIOS\/Sexto%20Bloque%20-%20Varones%20Antipatriarcales.mp3\" target=\"_blank\" data-saferedirecturl=\"https:\/\/www.google.com\/url?hl=es&amp;q=https:\/\/archive.org\/download\/ELM20-07-2016AUDIOS\/Sexto%2520Bloque%2520-%2520Varones%2520Antipatriarcales.mp3&amp;source=gmail&amp;ust=1469280351422000&amp;usg=AFQjCNFKXIvUDyoGp3f6Q2-eXSWWk96phw\">audio<\/a>.<\/strong><\/p>\n<div class='share-to-whatsapp-wrapper'><div class='share-on-whsp'>Share on: <\/div><div class='clear '><\/div><\/div>","protected":false},"excerpt":{"rendered":"<p>En agosto de este a\u00f1o se realizar\u00e1 en C\u00f3rdoba el V Encuentro Latinoamericano de Varones Antipatriarcales. Para comentarnos c\u00f3mo viene y qu\u00e9 hacer para participar, visitaron los estudios de Zumba la Turba Ariel y Jos\u00e9 del Colectivo de Varones Antipatriarcales de C\u00f3rdoba. La invitaci\u00f3n llev\u00f3 a una conversaci\u00f3n en torno a qu\u00e9 implica ser\/construirse como [&hellip;]<\/p>\n","protected":false},"author":2,"featured_media":954,"comment_status":"open","ping_status":"open","sticky":false,"template":"","format":"standard","meta":{"footnotes":""},"categories":[18,5],"tags":[],"class_list":["post-953","post","type-post","status-publish","format-standard","has-post-thumbnail","hentry","category-elm","category-transfeminismos"],"_links":{"self":[{"href":"https:\/\/zumbalaturba.com.ar\/index.php?rest_route=\/wp\/v2\/posts\/953","targetHints":{"allow":["GET"]}}],"collection":[{"href":"https:\/\/zumbalaturba.com.ar\/index.php?rest_route=\/wp\/v2\/posts"}],"about":[{"href":"https:\/\/zumbalaturba.com.ar\/index.php?rest_route=\/wp\/v2\/types\/post"}],"author":[{"embeddable":true,"href":"https:\/\/zumbalaturba.com.ar\/index.php?rest_route=\/wp\/v2\/users\/2"}],"replies":[{"embeddable":true,"href":"https:\/\/zumbalaturba.com.ar\/index.php?rest_route=%2Fwp%2Fv2%2Fcomments&post=953"}],"version-history":[{"count":0,"href":"https:\/\/zumbalaturba.com.ar\/index.php?rest_route=\/wp\/v2\/posts\/953\/revisions"}],"wp:featuredmedia":[{"embeddable":true,"href":"https:\/\/zumbalaturba.com.ar\/index.php?rest_route=\/wp\/v2\/media\/954"}],"wp:attachment":[{"href":"https:\/\/zumbalaturba.com.ar\/index.php?rest_route=%2Fwp%2Fv2%2Fmedia&parent=953"}],"wp:term":[{"taxonomy":"category","embeddable":true,"href":"https:\/\/zumbalaturba.com.ar\/index.php?rest_route=%2Fwp%2Fv2%2Fcategories&post=953"},{"taxonomy":"post_tag","embeddable":true,"href":"https:\/\/zumbalaturba.com.ar\/index.php?rest_route=%2Fwp%2Fv2%2Ftags&post=953"}],"curies":[{"name":"wp","href":"https:\/\/api.w.org\/{rel}","templated":true}]}}