{"id":9596,"date":"2024-10-24T17:26:26","date_gmt":"2024-10-24T20:26:26","guid":{"rendered":"https:\/\/zumbalaturba.com.ar\/?p=9596"},"modified":"2025-02-09T23:07:24","modified_gmt":"2025-02-10T02:07:24","slug":"el-ezln-alerta-sobre-amenazas-a-bases-de-apoyo-zapatistas","status":"publish","type":"post","link":"https:\/\/zumbalaturba.com.ar\/?p=9596","title":{"rendered":"El EZLN denuncia agresiones a bases de apoyo zapatistas"},"content":{"rendered":"\n<p><em>Es en la comunidad 6 De Octubre, amenazadxs con violencia y despojo de sus tierras \/\/ Adem\u00e1s asesinan al defensor de DDHH de los pueblos chiapanecos, el sacerdote Marcelo P\u00e9rez.<\/em><\/p>\n<p>En un reciente <a href=\"_wp_link_placeholder\" data-wplink-edit=\"true\">comunicado<\/a> con fecha del 16 de octubre, el Comit\u00e9 Clandestino Revolucionario Ind\u00edgena-Comandancia General del Ej\u00e9rcito Zapatista de Liberaci\u00f3n Nacional, alert\u00f3 sobre las constantes pr\u00e1cticas violentas y amenazas de desalojo por parte de pobladores de la comunidad llamada Palestina hacia bases de apoyo zapatistas de la comunidad 6 De Octubre, perteneciente al caracol Nuevo Jerusal\u00e9n, Selva Lacandona &#8211; Chiapas.<\/p>\n<p><img fetchpriority=\"high\" decoding=\"async\" class=\" wp-image-9606 alignleft\" src=\"https:\/\/zumbalaturba.com.ar\/wp-content\/uploads\/2024\/10\/jornada-de-lucha-sub_moises1-300x300.png\" alt=\"\" width=\"347\" height=\"347\" srcset=\"https:\/\/zumbalaturba.com.ar\/wp-content\/uploads\/2024\/10\/jornada-de-lucha-sub_moises1-300x300.png 300w, https:\/\/zumbalaturba.com.ar\/wp-content\/uploads\/2024\/10\/jornada-de-lucha-sub_moises1-1024x1024.png 1024w, https:\/\/zumbalaturba.com.ar\/wp-content\/uploads\/2024\/10\/jornada-de-lucha-sub_moises1-768x768.png 768w, https:\/\/zumbalaturba.com.ar\/wp-content\/uploads\/2024\/10\/jornada-de-lucha-sub_moises1-1536x1536.png 1536w, https:\/\/zumbalaturba.com.ar\/wp-content\/uploads\/2024\/10\/jornada-de-lucha-sub_moises1-2048x2048.png 2048w\" sizes=\"(max-width: 347px) 100vw, 347px\" \/>Luego de que a\u00f1os atr\u00e1s el EZLN diera a conocer una nueva forma organizativa de las <u>bases de apoyo<\/u> (as\u00ed llaman a las\/os zapatistas que viven en la comunidades, hacen los trabajos comunitarios y llevan adelante el Buen Gobierno), y que celebrar\u00e1 p\u00fablicamente la creaci\u00f3n de nuevos Municipios Aut\u00f3nomos y 7 nuevos caracoles, sum\u00e1ndose a los 5 ya existentes (<a href=\"https:\/\/enlacezapatista.ezln.org.mx\/2019\/08\/17\/comunicado-del-ccri-cg-del-ezln-y-rompimos-el-cerco-subcomandante-insurgente-moises\/\">link del comunicado<\/a>); lamentablemente el contexto de violencia, hostigamiento y amenazas hacia las\/os zapatistas no cesa, de la mano de los malos gobiernos y sus engranajes represivos, del paramilitarismo, el narco y el \u201ccrimen organizado\u201d.<\/p>\n<p>En esta ocasi\u00f3n denuncian violencias y amenazas hacia las\/os zapatistas de la comunidad 6 De Octubre por parte de comuneros del poblado llamado Palestina. \u00c9stos \u00faltimos amenazan, entre otras cosas, con desalojar a las\/os zapatistas de las tierras en las que viven y trabajan desde hace m\u00e1s de 30 a\u00f1os.<\/p>\n<p>En el comunicado oficial el EZLN asegura que pobladores de Palestina se\u00f1alan: \u201cque hay presiones del llamado Crimen Organizado (\u2026) y hay acuerdo con los distintos niveles de gobierno para dar car\u00e1cter `legal\u00b4 a este despojo\u201d.<\/p>\n<p>Por \u00faltimo anuncian que los Encuentros Internacionales de Rebeld\u00edas y Resistencias convocados por el EZLN para el 2024 y 2025 ser\u00e1n suspendidos ya que las condiciones de seguridad no est\u00e1n garantizadas.<\/p>\n<p>\u00a0<\/p>\n<p>A todo esto se le suma el asesinato del defensor de derechos humanos y sacerdote Marcelo P\u00e9rez, el pasado 20 de octubre en Chiapas. Marcelo P\u00e9rez fue un gran y reconocido luchador por los derechos de los pueblos y comunidades de Chiapas, y denunci\u00f3 innumerables situaciones de violencia y despojo que involucraban a los gobiernos en concomitancia con fuerzas paramilitares y c\u00e1rteles narco.<\/p>\n<p>Desde 2015, la Comisi\u00f3n Interamericana de Derechos Humanos (CIDH) orden\u00f3 al estado mexicano la implementaci\u00f3n de medidas cautelares a favor del sacerdote por ser objeto de constantes amenazas y agresiones de parte de grupos de la delincuencia organizada. El estado, claro est\u00e1, hizo caso omiso ante esta exigencia, y respondi\u00f3 criminalizando y persiguiendo judicialmente al luchador mediante una orden de aprehensi\u00f3n.<\/p>\n<p><img decoding=\"async\" class=\" wp-image-9597 alignright\" src=\"https:\/\/zumbalaturba.com.ar\/wp-content\/uploads\/2024\/10\/JORNADA-DE-LUCHA-ZAPATISTA1-300x300.jpg\" alt=\"\" width=\"375\" height=\"375\" srcset=\"https:\/\/zumbalaturba.com.ar\/wp-content\/uploads\/2024\/10\/JORNADA-DE-LUCHA-ZAPATISTA1-300x300.jpg 300w, https:\/\/zumbalaturba.com.ar\/wp-content\/uploads\/2024\/10\/JORNADA-DE-LUCHA-ZAPATISTA1-1024x1024.jpg 1024w, https:\/\/zumbalaturba.com.ar\/wp-content\/uploads\/2024\/10\/JORNADA-DE-LUCHA-ZAPATISTA1-768x768.jpg 768w, https:\/\/zumbalaturba.com.ar\/wp-content\/uploads\/2024\/10\/JORNADA-DE-LUCHA-ZAPATISTA1-1536x1536.jpg 1536w, https:\/\/zumbalaturba.com.ar\/wp-content\/uploads\/2024\/10\/JORNADA-DE-LUCHA-ZAPATISTA1-2048x2048.jpg 2048w\" sizes=\"(max-width: 375px) 100vw, 375px\" \/><\/p>\n<p>A ra\u00edz de estas situaciones se han convocado nacional e internacionalmente campa\u00f1as de apoyo y solidaridad para denunciar y visibilizar las constantes amenzas, persecuciones y asesinatos a luchadores sociales, en particular el caso del sacerdote Marcelo P\u00e9rez, y exigir el Alto a La Guerra Contra Los Pueblos Zapatistas.<\/p>\n<p><a href=\"https:\/\/drive.google.com\/drive\/folders\/1Rxin-mJ2JjiNd3ZFmAwfbegXJpCAJjUp\">Aqu\u00ed<\/a> podes encontrar im\u00e1genes para compartir sobre el Alto a La Guerra y sumarte a la campa\u00f1a. Y podes firmar la <a href=\"https:\/\/frayba.org.mx\/actualizacion-denunciamos-el-riesgo-la-vida-seguridad-e-integridad-personal-de-los-habitantes-bases\">Acci\u00f3n Urgente<\/a> publicada por el Centro de DDHH FrayBa con informaci\u00f3n actualizada sobre los ataques.<\/p>\n<p>\u00a0<\/p>\n<p><strong>Un poco de contexto<\/strong><\/p>\n<p>Reproducimos algunas palabras del <a href=\"https:\/\/www.congresonacionalindigena.org\/2024\/10\/21\/pronunciamiento-alto-a-la-guerra-contra-los-pueblos-zapatistas\/\">comunicado oficial<\/a> del Congreso Nacional Ind\u00edgena de M\u00e9xico que historiza brevemente y explica la situaci\u00f3n actual de Chiapas:<\/p>\n<p>\u201c<i>Chiapas al borde de la Guerra Civil <\/i>fue el t\u00edtulo del comunicado del EZLN del 19 de septiembre de 2021, hoy Chiapas es un campo de Guerra Civil. Desde 2021 el EZLN ya hab\u00eda advertido de los v\u00ednculos entre el gobierno de Chiapas con los c\u00e1rteles de la droga y denunciaban desde entonces el crecimiento del narcoparamilitarismo que tiene ahora a Chiapas sumergido en la m\u00e1s sangrienta violencia.<\/p>\n<p>En Chiapas el narcoparamilitarismo est\u00e1 despojando el territorio y como lo mencionan loas compa\u00f1eroas Zapatistas opera junto con los diversos niveles de gobierno para legalizar estos despojos. Las mismas tierras que el EZLN liber\u00f3 de manos de los finqueros en 1994 son las que ahora los gobiernos de los tres niveles pretenden, favoreciendo pasiva o activamente los despojos y la violencia, poner nuevamente en manos de criminales.<\/p>\n<p align=\"JUSTIFY\">En M\u00e9xico la guerra no solo no termin\u00f3, se ha recrudecido en algunos estados y uno de ellos es Chiapas. La gesti\u00f3n de la guerra que est\u00e1 haciendo el gobierno ha consistido en el despojo del territorio, en la criminalizaci\u00f3n de la rebeld\u00eda y claro, en un discurso que minimiza las atrocidades y justifica el creciente e ineficaz militarismo, como lo ha probado la ininterrumpida militarizaci\u00f3n en Chiapas. La guerra del narco que ensangrent\u00f3 la frontera norte de M\u00e9xico y poco a poco todo el pa\u00eds, ahora se extiende hacia el sureste y la frontera sur, y ah\u00ed los intereses criminales extractivistas, narcoecon\u00f3micos y contrainsurgentes de arriba confluyen y se convierten en una guerra narcoparamilitar particularmente hostil en contra de las Comunidades Zapatistas, mientras la Guardia Nacional y el resto de las Fuerzas Armadas no solo solapan estas pr\u00e1cticas criminales sino que las protegen y por otro lado asesinan a migrantes.<\/p>\n<p>Chiapas ha vivido una guerra de baja intensidad por 30 a\u00f1os desde la presidencia de Carlos Salinas, M\u00e9xico ha vivido una narcoguerra por casi 20 a\u00f1os desde la Presidencia de Felipe Calder\u00f3n y tras tres a\u00f1os de la presidencia de Andr\u00e9s Manuel L\u00f3pez Obrador el EZLN advirti\u00f3 el recrudecimiento de la violencia favorecida por el gobernador Rutilio Escand\u00f3n y una posible guerra civil en Chiapas, a poco m\u00e1s de dos semanas de la presidencia de Claudia Sheinbaum Chiapas est\u00e1 en un escenario de guerra civil y uno de los pocos rincones de dignidad que le quedan a M\u00e9xico y al planeta, el territorio Zapatista, es nuevamente acechado por la muerte y la destrucci\u00f3n. Como dice el comunicado del EZLN: \u201c\u00e9sta es la realidad de la \u2018continuidad con cambio\u2019 en los malos gobiernos\u201d.<\/p>\n<p><img decoding=\"async\" class=\"wp-image-9609 aligncenter\" src=\"https:\/\/zumbalaturba.com.ar\/wp-content\/uploads\/2024\/10\/alto-a-la-guerra-My6-5-300x241.jpg\" alt=\"\" width=\"541\" height=\"435\" srcset=\"https:\/\/zumbalaturba.com.ar\/wp-content\/uploads\/2024\/10\/alto-a-la-guerra-My6-5-300x241.jpg 300w, https:\/\/zumbalaturba.com.ar\/wp-content\/uploads\/2024\/10\/alto-a-la-guerra-My6-5-1024x824.jpg 1024w, https:\/\/zumbalaturba.com.ar\/wp-content\/uploads\/2024\/10\/alto-a-la-guerra-My6-5-768x618.jpg 768w, https:\/\/zumbalaturba.com.ar\/wp-content\/uploads\/2024\/10\/alto-a-la-guerra-My6-5-1536x1236.jpg 1536w, https:\/\/zumbalaturba.com.ar\/wp-content\/uploads\/2024\/10\/alto-a-la-guerra-My6-5-2048x1648.jpg 2048w\" sizes=\"(max-width: 541px) 100vw, 541px\" \/><\/p>\n\n\n<div class='share-to-whatsapp-wrapper'><div class='share-on-whsp'>Share on: <\/div><div class='clear '><\/div><\/div>","protected":false},"excerpt":{"rendered":"<p>Es en la comunidad 6 De Octubre, amenazadxs con violencia y despojo de sus tierras \/\/ Adem\u00e1s asesinan al defensor de DDHH de los pueblos chiapanecos, el sacerdote Marcelo P\u00e9rez. En un reciente comunicado con fecha del 16 de octubre, el Comit\u00e9 Clandestino Revolucionario Ind\u00edgena-Comandancia General del Ej\u00e9rcito Zapatista de Liberaci\u00f3n Nacional, alert\u00f3 sobre las [&hellip;]<\/p>\n","protected":false},"author":23,"featured_media":9597,"comment_status":"closed","ping_status":"closed","sticky":false,"template":"","format":"standard","meta":{"footnotes":""},"categories":[1241,1191,1240],"tags":[1262,1260,1263,1261,21],"class_list":["post-9596","post","type-post","status-publish","format-standard","has-post-thumbnail","hentry","category-ddhh","category-luchas-por-el-territorio","category-transfronterizo","tag-altoalaguerra","tag-altoalaguerracontralxszapatistas","tag-ezln","tag-lxszapatistasnoestansolxs","tag-represion"],"_links":{"self":[{"href":"https:\/\/zumbalaturba.com.ar\/index.php?rest_route=\/wp\/v2\/posts\/9596","targetHints":{"allow":["GET"]}}],"collection":[{"href":"https:\/\/zumbalaturba.com.ar\/index.php?rest_route=\/wp\/v2\/posts"}],"about":[{"href":"https:\/\/zumbalaturba.com.ar\/index.php?rest_route=\/wp\/v2\/types\/post"}],"author":[{"embeddable":true,"href":"https:\/\/zumbalaturba.com.ar\/index.php?rest_route=\/wp\/v2\/users\/23"}],"replies":[{"embeddable":true,"href":"https:\/\/zumbalaturba.com.ar\/index.php?rest_route=%2Fwp%2Fv2%2Fcomments&post=9596"}],"version-history":[{"count":1,"href":"https:\/\/zumbalaturba.com.ar\/index.php?rest_route=\/wp\/v2\/posts\/9596\/revisions"}],"predecessor-version":[{"id":9699,"href":"https:\/\/zumbalaturba.com.ar\/index.php?rest_route=\/wp\/v2\/posts\/9596\/revisions\/9699"}],"wp:featuredmedia":[{"embeddable":true,"href":"https:\/\/zumbalaturba.com.ar\/index.php?rest_route=\/wp\/v2\/media\/9597"}],"wp:attachment":[{"href":"https:\/\/zumbalaturba.com.ar\/index.php?rest_route=%2Fwp%2Fv2%2Fmedia&parent=9596"}],"wp:term":[{"taxonomy":"category","embeddable":true,"href":"https:\/\/zumbalaturba.com.ar\/index.php?rest_route=%2Fwp%2Fv2%2Fcategories&post=9596"},{"taxonomy":"post_tag","embeddable":true,"href":"https:\/\/zumbalaturba.com.ar\/index.php?rest_route=%2Fwp%2Fv2%2Ftags&post=9596"}],"curies":[{"name":"wp","href":"https:\/\/api.w.org\/{rel}","templated":true}]}}