{"id":9629,"date":"2024-10-26T23:33:48","date_gmt":"2024-10-27T02:33:48","guid":{"rendered":"https:\/\/zumbalaturba.com.ar\/?p=9629"},"modified":"2024-10-26T23:33:49","modified_gmt":"2024-10-27T02:33:49","slug":"radio-terror-programa-3","status":"publish","type":"post","link":"https:\/\/zumbalaturba.com.ar\/?p=9629","title":{"rendered":"Radio Terror &#8211; Programa 3"},"content":{"rendered":"\n<p>\ud83d\udd6f\ufe0f\u00a1Queridxs espectros, mentes pose\u00eddas, almas condenadas, criaturas nocturnas!<\/p>\n\n\n\n<p>Radio ZUMBA LA TURBA les trae una pesadilla hecha realidad\u2026.<\/p>\n\n\n\n<p>\u2620\ufe0f RADIO TERROR con Xose &amp; Goldie \u2620\ufe0f<\/p>\n\n\n\n<p>\ud83d\udd78\ufe0f Un programa para amantes del terror hecho por fans del terror donde exploraremos los rincones m\u00e1s oscuros de la mente y de los sue\u00f1os. Desde los cl\u00e1sicos bien cl\u00e1sicos hasta relatos contempor\u00e1neos, leyendas urbanas, misterios no resueltos, historias de ultratumba y muchas cosas espantosas m\u00e1s!<\/p>\n\n\n\n<p>\ud83d\udc7b Preparate para enfrentar tus miedos con @xxosefina &amp; @g.s.goldenberg como anfitriones, y sumergirte en un mundo radiof\u00f3nico de literatura, cine y m\u00fasica de lo m\u00e1s escalofriante.<\/p>\n\n\n\n<p>En el \u00faltimo programa compartimos algunas HISTORIAS DE VAMPIROS Y CHUPASANGRES con los mejores relatos de lo sangriento, buena m\u00fasica, buena literatura, buenas voces.<\/p>\n\n\n\n<p>\ud83d\udcd6 Escuchamos los siguientes relatos:<br><br>&#8220;La Quinta Forma&#8221; &#8211;\u00a0 Iv\u00e1n Wielikosielek<br>&#8220;Tiramis\u00fa&#8221; &#8211; Santiago Kamerbeek<br>&#8220;El Extra\u00f1o&#8221; &#8211; Lovecraft<\/p>\n\n\n\n<p>Lxs esperamos con ansias. \u00a1No olviden cerrar la cripta detr\u00e1s de ustedes!<\/p>\n\n\n\n<p><iframe src=\"https:\/\/www.ivoox.com\/player_ej_134778420_6_1.html?c1=631b1c\" width=\"100%\" height=\"200\" frameborder=\"0\" scrolling=\"no\" allowfullscreen=\"allowfullscreen\"><\/iframe><\/p>\n\n\n<div class='share-to-whatsapp-wrapper'><div class='share-on-whsp'>Share on: <\/div><div class='clear '><\/div><\/div>","protected":false},"excerpt":{"rendered":"<p>\ud83d\udd6f\ufe0f\u00a1Queridxs espectros, mentes pose\u00eddas, almas condenadas, criaturas nocturnas! Radio ZUMBA LA TURBA les trae una pesadilla hecha realidad\u2026. \u2620\ufe0f RADIO TERROR con Xose &amp; Goldie \u2620\ufe0f \ud83d\udd78\ufe0f Un programa para amantes del terror hecho por fans del terror donde exploraremos los rincones m\u00e1s oscuros de la mente y de los sue\u00f1os. Desde los cl\u00e1sicos bien [&hellip;]<\/p>\n","protected":false},"author":23,"featured_media":9631,"comment_status":"closed","ping_status":"closed","sticky":false,"template":"","format":"standard","meta":{"footnotes":""},"categories":[37,15,1236],"tags":[457,166,1266,1268,1267,1265],"class_list":["post-9629","post","type-post","status-publish","format-standard","has-post-thumbnail","hentry","category-arte-cultura","category-la-zumba","category-programas","tag-literatura","tag-musica","tag-programas-que-zumban","tag-radio-terror","tag-relatos","tag-terror"],"_links":{"self":[{"href":"https:\/\/zumbalaturba.com.ar\/index.php?rest_route=\/wp\/v2\/posts\/9629","targetHints":{"allow":["GET"]}}],"collection":[{"href":"https:\/\/zumbalaturba.com.ar\/index.php?rest_route=\/wp\/v2\/posts"}],"about":[{"href":"https:\/\/zumbalaturba.com.ar\/index.php?rest_route=\/wp\/v2\/types\/post"}],"author":[{"embeddable":true,"href":"https:\/\/zumbalaturba.com.ar\/index.php?rest_route=\/wp\/v2\/users\/23"}],"replies":[{"embeddable":true,"href":"https:\/\/zumbalaturba.com.ar\/index.php?rest_route=%2Fwp%2Fv2%2Fcomments&post=9629"}],"version-history":[{"count":0,"href":"https:\/\/zumbalaturba.com.ar\/index.php?rest_route=\/wp\/v2\/posts\/9629\/revisions"}],"wp:featuredmedia":[{"embeddable":true,"href":"https:\/\/zumbalaturba.com.ar\/index.php?rest_route=\/wp\/v2\/media\/9631"}],"wp:attachment":[{"href":"https:\/\/zumbalaturba.com.ar\/index.php?rest_route=%2Fwp%2Fv2%2Fmedia&parent=9629"}],"wp:term":[{"taxonomy":"category","embeddable":true,"href":"https:\/\/zumbalaturba.com.ar\/index.php?rest_route=%2Fwp%2Fv2%2Fcategories&post=9629"},{"taxonomy":"post_tag","embeddable":true,"href":"https:\/\/zumbalaturba.com.ar\/index.php?rest_route=%2Fwp%2Fv2%2Ftags&post=9629"}],"curies":[{"name":"wp","href":"https:\/\/api.w.org\/{rel}","templated":true}]}}