{"id":9635,"date":"2024-10-31T17:48:31","date_gmt":"2024-10-31T20:48:31","guid":{"rendered":"https:\/\/zumbalaturba.com.ar\/?p=9635"},"modified":"2025-03-19T21:54:18","modified_gmt":"2025-03-20T00:54:18","slug":"lof-quemquemtrew","status":"publish","type":"post","link":"https:\/\/zumbalaturba.com.ar\/?p=9635","title":{"rendered":"Lof Quemquemtrew RESISTE &#8211; NO AL DESALOJO"},"content":{"rendered":"\n<p><\/p>\n\n\n\n<p><iframe src=\"https:\/\/www.ivoox.com\/player_ej_135442019_6_1.html?c1=33302f\" width=\"100%\" height=\"200\" frameborder=\"0\" scrolling=\"no\" allowfullscreen=\"allowfullscreen\"><\/iframe>&nbsp;<\/p>\n<p><strong>\u00bfC\u00d3MO SE FORMA EL LOF QUEMQUEMTREW?<\/strong><\/p>\n\n\n\n<p><\/p>\n\n\n\n<p><span style=\"font-weight: 400;\">Lucinda Quintupuray fue una anciana mapuche (papay) que vivi\u00f3 en la zona de la Cuesta del Ternero, provincia de R\u00edo Negro, al igual que lo hicieron sus antepasados. Much\u00edsimas veces, distintos empresarios<\/span> <span style=\"font-weight: 400;\">intentaron comprarle sus tierras pero ella se neg\u00f3 siempre. En 1999, la abuela Lucinda aparece muerta a balazos. Hasta el d\u00eda de hoy no hay respuestas de la \u201cjusticia\u201d.\u00a0<\/span><\/p>\n<p><span style=\"font-weight: 400;\">Despu\u00e9s del asesinato de Lucinda, el gobierno de la provincia de Rio Negro \u201ccede\u201d parte de ese territorio a Rolando Rocco, empresario chubutense, quien a partir de ese momento, se adjudica ser el \u201cdue\u00f1o\u201d sin poseer papeles ni ning\u00fan tipo de relaci\u00f3n con el territorio. All\u00ed comienza una plantaci\u00f3n de pino, \u00e1rbol ex\u00f3tico que da\u00f1a y seca la tierra, impide el crecimiento de plantas aut\u00f3ctonas y es muy inflamable, ayudando a propagar incendios con facilidad.<\/span><\/p>\n<p><span style=\"font-weight: 400;\">En este contexto, el 18 de septiembre del 2021, personas mapuche- tehuelche comienzan un proceso de recuperaci\u00f3n territorial en la Cuesta del Ternero, retornando a las tierras que les fueron robadas a sus antepasados. As\u00ed se forma el lof QUEMQUEMTREW.<\/span><\/p>\n<p>\u00a0<\/p>\n<p><b>\u00bfQU\u00c9 VIENE PASANDO EN PUELMAPU?<\/b><\/p>\n<p><span style=\"font-weight: 400;\">En puelmapu, personas mapuche, a trav\u00e9s de varios procesos de recuperaciones territoriales e identitarias, est\u00e1n retornando a sus territorios arrebatados, realizando pr\u00e1cticas que hac\u00edan sus ancestros como hablar mapudungun, realizar ceremonias y retomar formas organizativas ancestrales como el lof, y en algunos casos, asumir roles\u00a0 como el de machi, longko, lawentuchefe, etc.<\/span><\/p>\n<p><span style=\"font-weight: 400;\">A ra\u00edz de las recuperaciones territoriales, el estado nacional <\/span><span style=\"font-weight: 400;\">profundiz\u00f3 <\/span><span style=\"font-weight: 400;\">la represi\u00f3n y persecuci\u00f3n al pueblo mapuche asesinando, aprisionando u oblig\u00e1ndoles a la clandestinidad. Crearon la imagen de un enemigo interno, que debe combatirse, que es peligroso para la sociedad, y se encargaron de<\/span><i><span style=\"font-weight: 400;\"> extranjerizar <\/span><\/i><span style=\"font-weight: 400;\">a los pueblos originarios.\u00a0<\/span><\/p>\n<p><span style=\"font-weight: 400;\">La campa\u00f1a del desierto <\/span><span style=\"font-weight: 400;\">se perpet\u00faa hasta<\/span><span style=\"font-weight: 400;\"> la actualidad. Lo vimos en el 2017 cuando mataron a Rafael Nawel yem y al Brujo, lo vimos cuando luego de la muerte del weichafe Elias Cayicol yem el intendente de Bolson mand\u00f3 a reprimir a las personas que <\/span><span style=\"font-weight: 400;\">se convocaron para repudiar el asesinato<\/span><span style=\"font-weight: 400;\">, lo vimos cuando dias previos al desalojo a la Lof Lafken Winkul Mapu se hizo una marcha anti mapuche con consignas como \u201cRoca volv\u00e9, no terminaste tu trabajo\u201d, lo vimos con la creacion del comando unificado, lo vemos cuando la gorra mata a lxs pibxs de los barrios y cuando un facho dice pseudo mapuches o negrxs de mierda.<br \/><\/span><\/p>\n<p><span style=\"font-weight: 400;\">En un contexto de grandes movilizaciones sociales que reclaman por los derechos de \u201ctodxs\u201d <\/span><span style=\"font-weight: 400;\">nos preguntamos para qui\u00e9nes est\u00e1n hechos los derechos humanos, los derechos de las mujeres y lxs ni\u00f1xs y para qui\u00e9nes se exigen derechos cuando se sale a marchar. En este sentido, creemos necesario hacer una revisi\u00f3n de nuestras consignas y movimientos para decantar el colonialismo que aun nos atraviesa.<br \/><\/span><\/p>\n<p><br \/><b>NO ES USURPACI\u00d3N ES RECUPERACI\u00d3N TERRITORIAL<\/b><\/p>\n<p><span style=\"font-weight: 400;\">Desde el comienzo de la recuperaci\u00f3n territorial en la zona de la Cuesta del Ternero, las personas del Lof Quemquemtrew recibieron amenazas, persecuci\u00f3n, hostigamiento y violencia policial de parte del estado y de Rolando\u00a0 Rocco. Este empresario chubutense que se adjudica ser el \u201cdue\u00f1o\u201d del territorio, <\/span><span style=\"font-weight: 400;\">denunci\u00f3<\/span><span style=\"font-weight: 400;\"> la recuperaci\u00f3n territorial como una usurpaci\u00f3n y una semana despu\u00e9s de esa denuncia, <\/span><span style=\"font-weight: 400;\">el 24 de septiembre del 2021, <\/span><span style=\"font-weight: 400;\">se llev\u00f3 a cabo un intento de desalojo muy violento.\u00a0<\/span><\/p>\n<p><span style=\"font-weight: 400;\">El 21 de noviembre del 2023, dos sicarios mandados por Rocco, Diego Ravasio y Martin Feilber asesinaron a Elias Cayicol yem e hirieron de gravedad a Gonzalo Cabrera. Luego de esto, se organiz\u00f3 un acampe solidario a pocos kil\u00f3metros del lof, y en marzo del 2022, tras un acuerdo provisional con Rocco, el acampe se desarm\u00f3.<\/span><\/p>\n<p><span style=\"font-weight: 400;\">A principios de mayo de este a\u00f1o 2024, se reactiv\u00f3 la orden de desalojo y l<\/span>a \u00faltima semana de septiembre se llev\u00f3 a cabo el juicio contra tres integrantes del lof Quemquemtrew. El mi\u00e9rcoles 2 de octubre la fiscal\u00eda fall\u00f3 con una condena de un a\u00f1o y seis meses, m\u00e1s el desalojo inmediato del territorio. Desde la defensa recalcan que el testimonio de Roco estuvo plagado de incongruencias y datos err\u00f3neos, adem\u00e1s de irregularidades en todo el expediente.<\/p>\n<p><span style=\"font-weight: 400;\">Por su parte, lxs integrantes de la lof durante todo este tiempo apelaron y siguen pidiendo por una instancia de di\u00e1logo para encontrar una soluci\u00f3n pac\u00edfica y no represiva, pedidos que nunca fueron tenidos en cuenta.<\/span><\/p>\n<p><span style=\"font-weight: 400;\">Es importante remarcar que este territorio ancestral tiene gran significado, ya que all\u00ed se levant\u00f3 un espacio ceremonial (Rewe) muy importante para el ejercicio de la espiritualidad de todo el pueblo mapuche. Y sumado a esto, se resignifica<\/span><span style=\"font-weight: 400;\">\u00a0esta resistencia por la memoria del pe\u00f1i asesinado Elias Cayicol yem.<br \/><\/span><\/p>\n<p>Ante esta situaci\u00f3n, mapuches y allegades hacen un llamado urgente a organizaciones sociales, asambleas, colectivos, sindicatos, organismos de DDHH y a la sociedad en general a acompa\u00f1ar al lof Quemquemtrew y a pronunciarse a favor de la defensa de los territorios recuperados y la lucha por la vida. Invitan a pensar jornadas \/ actividades de visibilizaci\u00f3n \/ apoyo desde cada territorio.\u00a0<\/p>\n<p>Desde Radio Zumba la Turba conversamos con parte de la red de apoyo al Lof Quemquemtrew sobre las situaciones de violencia y persecuci\u00f3n recibidas desde el comienzo de la recuperaci\u00f3n territorial, sobre la situaci\u00f3n legal actual y sobre pr\u00f3ximas acciones de apoyo y solidaridad con el lof.<\/p>\n<p>\u00a0<\/p>\n<p><strong>NO AL DESALOJO: PR\u00d3XIMAS ACCIONES<\/strong><\/p>\n<ul>\n<li>El d\u00eda 2\/11 a partir de las 11 hs se realizar\u00e1 el festival \u201cLof Quemquemtrew se DEFIENDE &#8211; NO ES USURPACI\u00d3N ES RECUPERACI\u00d3N\u201d En la Cuesta del Ternero, RP6 KM 12.<\/li>\n<\/ul>\n<p>Rumba, rap, tambores, folklore, metal, charlas, actividades y mas\u2026 al grito de NO AL DESALOJO DEL LOF QUEMQUEMTREW!<\/p>\n<ul>\n<li>El 1\/2 desde las 19 hs en la Huerta Saavedra \/ Plaza 3556 &#8211; CABA \/\u00a0<br \/>se realizar\u00e1 una cena y proyecci\u00f3n en solidaridad y colaboraci\u00f3n con la Lof<br \/>Todo lo recaudado ser\u00e1 enviado al lof para colaborar con los gastos necesarios del juicio.<br \/><br \/><\/li>\n<li>Tambi\u00e9n podes colaborar donando dinero al alias MAPU.REWE.QQTW para continuar con la lucha y los gastos de los juicios.<\/li>\n<\/ul>\n<p>\u00a0<\/p>\n<p>\u00a0<\/p>\n<p>MARICHIWEW<\/p>\n<p>\u00a0<\/p>\n<p>\u00a0<\/p>\n\n\n\n\n<div class='share-to-whatsapp-wrapper'><div class='share-on-whsp'>Share on: <\/div><div class='clear '><\/div><\/div>","protected":false},"excerpt":{"rendered":"<p>&nbsp; \u00bfC\u00d3MO SE FORMA EL LOF QUEMQUEMTREW? Lucinda Quintupuray fue una anciana mapuche (papay) que vivi\u00f3 en la zona de la Cuesta del Ternero, provincia de R\u00edo Negro, al igual que lo hicieron sus antepasados. Much\u00edsimas veces, distintos empresarios intentaron comprarle sus tierras pero ella se neg\u00f3 siempre. En 1999, la abuela Lucinda aparece muerta [&hellip;]<\/p>\n","protected":false},"author":23,"featured_media":9730,"comment_status":"closed","ping_status":"closed","sticky":false,"template":"","format":"standard","meta":{"footnotes":""},"categories":[15,1191,42],"tags":[],"class_list":["post-9635","post","type-post","status-publish","format-standard","has-post-thumbnail","hentry","category-la-zumba","category-luchas-por-el-territorio","category-pueblosoriginarios"],"_links":{"self":[{"href":"https:\/\/zumbalaturba.com.ar\/index.php?rest_route=\/wp\/v2\/posts\/9635","targetHints":{"allow":["GET"]}}],"collection":[{"href":"https:\/\/zumbalaturba.com.ar\/index.php?rest_route=\/wp\/v2\/posts"}],"about":[{"href":"https:\/\/zumbalaturba.com.ar\/index.php?rest_route=\/wp\/v2\/types\/post"}],"author":[{"embeddable":true,"href":"https:\/\/zumbalaturba.com.ar\/index.php?rest_route=\/wp\/v2\/users\/23"}],"replies":[{"embeddable":true,"href":"https:\/\/zumbalaturba.com.ar\/index.php?rest_route=%2Fwp%2Fv2%2Fcomments&post=9635"}],"version-history":[{"count":1,"href":"https:\/\/zumbalaturba.com.ar\/index.php?rest_route=\/wp\/v2\/posts\/9635\/revisions"}],"predecessor-version":[{"id":9731,"href":"https:\/\/zumbalaturba.com.ar\/index.php?rest_route=\/wp\/v2\/posts\/9635\/revisions\/9731"}],"wp:featuredmedia":[{"embeddable":true,"href":"https:\/\/zumbalaturba.com.ar\/index.php?rest_route=\/wp\/v2\/media\/9730"}],"wp:attachment":[{"href":"https:\/\/zumbalaturba.com.ar\/index.php?rest_route=%2Fwp%2Fv2%2Fmedia&parent=9635"}],"wp:term":[{"taxonomy":"category","embeddable":true,"href":"https:\/\/zumbalaturba.com.ar\/index.php?rest_route=%2Fwp%2Fv2%2Fcategories&post=9635"},{"taxonomy":"post_tag","embeddable":true,"href":"https:\/\/zumbalaturba.com.ar\/index.php?rest_route=%2Fwp%2Fv2%2Ftags&post=9635"}],"curies":[{"name":"wp","href":"https:\/\/api.w.org\/{rel}","templated":true}]}}