{"id":9656,"date":"2024-11-20T03:15:54","date_gmt":"2024-11-20T06:15:54","guid":{"rendered":"https:\/\/zumbalaturba.com.ar\/?p=9656"},"modified":"2024-11-20T03:15:55","modified_gmt":"2024-11-20T06:15:55","slug":"la-yuta-quema-nuestro-fuego-se-aviva","status":"publish","type":"post","link":"https:\/\/zumbalaturba.com.ar\/?p=9656","title":{"rendered":"LA YUTA QUEMA, NUESTRO FUEGO SE AVIVA"},"content":{"rendered":"\n<p><\/p>\n\n\n\n<pre class=\"wp-block-code\"><code><\/code><\/pre>\n\n\n\n\n\n<p>Se viene la 18\u00ba Marcha de la Gorra en C\u00f3rdoba, y en el Enredando las Ma\u00f1anas DEL 19\/11 estuvimos conversando con Mariela, quien forma parte de la organizaci\u00f3n de la marcha y de familiares de v\u00edctimas de gatillo f\u00e1cil.<\/p>\n\n\n\n<p>\ud83d\udc49 Nos encontramos el mi\u00e9rcoles 20\/11 a las 18 hs &#8211; Col\u00f3n y Ca\u00f1ada.<\/p>\n\n\n\n<h1 class=\"wp-block-heading\">radiozumbalaturba #enredandolasma\u00f1anas #marchadelagorra #cordoba<\/h1>\n\n\n\n\n\n\n\n<hr \/>\n<p><iframe src=\"https:\/\/archive.org\/embed\/entrevista-mariela-marcha-de-la-gorra-fliar-de-victimas-gatillo-facil.-ok\" width=\"500\" height=\"60\" frameborder=\"0\" allowfullscreen=\"allowfullscreen\"><\/iframe><\/p>\n<p>\u00a0<\/p>\n\n\n<div class='share-to-whatsapp-wrapper'><div class='share-on-whsp'>Share on: <\/div><div class='clear '><\/div><\/div>","protected":false},"excerpt":{"rendered":"<p>Se viene la 18\u00ba Marcha de la Gorra en C\u00f3rdoba, y en el Enredando las Ma\u00f1anas DEL 19\/11 estuvimos conversando con Mariela, quien forma parte de la organizaci\u00f3n de la marcha y de familiares de v\u00edctimas de gatillo f\u00e1cil. \ud83d\udc49 Nos encontramos el mi\u00e9rcoles 20\/11 a las 18 hs &#8211; Col\u00f3n y Ca\u00f1ada. radiozumbalaturba #enredandolasma\u00f1anas [&hellip;]<\/p>\n","protected":false},"author":23,"featured_media":9657,"comment_status":"closed","ping_status":"closed","sticky":false,"template":"","format":"standard","meta":{"footnotes":""},"categories":[38,18,15],"tags":[1223,1224,451,425,284],"class_list":["post-9656","post","type-post","status-publish","format-standard","has-post-thumbnail","hentry","category-anticarcelario-antrepresivo","category-elm","category-la-zumba","tag-anticarcelario","tag-antirepresivo","tag-enredando-las-mananas","tag-entrevistas","tag-zumba-la-turba"],"_links":{"self":[{"href":"https:\/\/zumbalaturba.com.ar\/index.php?rest_route=\/wp\/v2\/posts\/9656","targetHints":{"allow":["GET"]}}],"collection":[{"href":"https:\/\/zumbalaturba.com.ar\/index.php?rest_route=\/wp\/v2\/posts"}],"about":[{"href":"https:\/\/zumbalaturba.com.ar\/index.php?rest_route=\/wp\/v2\/types\/post"}],"author":[{"embeddable":true,"href":"https:\/\/zumbalaturba.com.ar\/index.php?rest_route=\/wp\/v2\/users\/23"}],"replies":[{"embeddable":true,"href":"https:\/\/zumbalaturba.com.ar\/index.php?rest_route=%2Fwp%2Fv2%2Fcomments&post=9656"}],"version-history":[{"count":0,"href":"https:\/\/zumbalaturba.com.ar\/index.php?rest_route=\/wp\/v2\/posts\/9656\/revisions"}],"wp:featuredmedia":[{"embeddable":true,"href":"https:\/\/zumbalaturba.com.ar\/index.php?rest_route=\/wp\/v2\/media\/9657"}],"wp:attachment":[{"href":"https:\/\/zumbalaturba.com.ar\/index.php?rest_route=%2Fwp%2Fv2%2Fmedia&parent=9656"}],"wp:term":[{"taxonomy":"category","embeddable":true,"href":"https:\/\/zumbalaturba.com.ar\/index.php?rest_route=%2Fwp%2Fv2%2Fcategories&post=9656"},{"taxonomy":"post_tag","embeddable":true,"href":"https:\/\/zumbalaturba.com.ar\/index.php?rest_route=%2Fwp%2Fv2%2Ftags&post=9656"}],"curies":[{"name":"wp","href":"https:\/\/api.w.org\/{rel}","templated":true}]}}