{"id":9690,"date":"2025-01-03T14:09:52","date_gmt":"2025-01-03T17:09:52","guid":{"rendered":"https:\/\/zumbalaturba.com.ar\/?p=9690"},"modified":"2025-01-03T14:11:34","modified_gmt":"2025-01-03T17:11:34","slug":"ezln-encuentros-internacionales-de-rebeldias-y-resistencias-dia-3","status":"publish","type":"post","link":"https:\/\/zumbalaturba.com.ar\/?p=9690","title":{"rendered":"EZLN \u2013 Encuentros Internacionales de Rebeld\u00edas y Resistencias: D\u00eda 3"},"content":{"rendered":"\n<p>\u00a0<\/p>\n<p><iframe src=\"https:\/\/www.ivoox.com\/player_ej_137441505_6_1.html?c1=D41212\" width=\"100%\" height=\"200\" frameborder=\"0\" scrolling=\"no\" allowfullscreen=\"allowfullscreen\"><\/iframe><\/p>\n<p>RESUMEN TERCER DIA ENCUENTRO INTERNACIONAL DE RESISTENCIAS Y REBELDIAS- 30\/12\/2024<\/p>\n<p><em>Elaborado por la Red Abya Yala Rompe El Cerco.<\/em><\/p>\n<p>Habla el Subcomandante MOIS\u00c9S sobre el uso hist\u00f3rico de la tierra en M\u00e9xico: xq durante mucho tiempo los finqueros vivieron de la acumulaci\u00f3n de tierras y la explotaci\u00f3n de las comunidades ind\u00edgenas. Con los varios malos gobiernos se inicio la repartici\u00f3n de tierras cada vez mayor entre partidistas con el enga\u00f1o de la importancia de la propiedad privada. Poco a poco las familias y territorios se fueron subiendo en parcelas menores q no alcanzan para vivir. Y muchos terminaron x vender las tierras.<\/p>\n<p>Nuestra propuesta es la tierra comunal, no de propiedad privada, todos trabajan parcelas y reparten lo q necesita cada quien.<\/p>\n<p>Hoy hablan de otra Reforma agraria: con la misma idea anterior de propiedad privada. Y ya 70 \u201cderecheros\u201d empiezan a acumular.<\/p>\n<p>Nuestras comunidades tb en algunos momentos plantearon subdividir, pero no sirve.<\/p>\n<p>En cambio en otras partes ya practican la propuesta de tierra comunal como los Caucas x ejemplo q tienen en com\u00fan los cultivos.<\/p>\n<p>\u201cEs nuestra idea\u201d, dice el Sub. \u201cNo les diremos c\u00f3mo deben hacerlo uds! Deben decidirlo entre uds en COM\u00daN!\u201d<\/p>\n<p>Sigue despu\u00e9s el Capit\u00e1n MARCOS invitandonos a suponer q viajamos al a\u00f1o 2134. Pasaron 120 a\u00f1os como en el cuento de \u201cDeni\u201d. Ah\u00ed da varios ejemplos de posibles encuentros y, c\u00f3mo siempre, nos deja varios cuestionamientos interesantes.<\/p>\n<p>Nos explica luego q el EZLN ha cambiado su discurso del a\u00f1o 1994, momento en q la \u00fanica alternativa era vivir o morir. Sin el levantamiento se hubieran muerto muchos ni\u00f1os.<\/p>\n<p>Hoy invitan a declararnos x la Vida xq no piden venganza, llaman a unirnos para sobrevivir la tormenta. Y hace alusi\u00f3n a la traves\u00eda x la Vida en la Gira x Europa. Y nos invita a buscar alternativas para el d\u00eda despu\u00e9s.<\/p>\n<p>Los poderosos tienen su zona de resguardo ya pensada d\u00f3nde obviamente habr\u00e1 productores y consumidores, xq as\u00ed funciona para ellos.<\/p>\n<p>La Declaraci\u00f3n x la vida es q vamos a hacer?<\/p>\n<p>Y nos dice, como en el Comunicado, q\u201cDeni\u201d nos pregunta lo q hacemos ahora.<\/p>\n<p>Aclara q son conscientes de q las resistencias y rebeldias hoy son de minor\u00edas con todo en contra. Pero q si mostramos lo malo nada m\u00e1s, no suma. Que nuestro mensaje debe ser de q es posible otro mundo, con libertad de elegir y afrontar las consecuencias.<\/p>\n<p>Q viene la destrucci\u00f3n total del mundo q vivimos donde los ind\u00edgenas no tienen lugar, las mujeres tampoco y muchxs m\u00e1s.<\/p>\n<p>Q vamos a sobrevivir pero no podemos en las mismas condiciones: hay q hacer otra cosa.<\/p>\n<p>Afirma q el capital invita al miedo q genera inmovilidad.<\/p>\n<p>Pero nosotros, convocamos a artistas, para q sigan horadando una grieta. Por eso nos van a presentar los j\u00f3venes y las jovenas a trav\u00e9s del teatro, el \u201cc\u00f3mo\u201d estamos pensando el Com\u00fan y el d\u00eda despu\u00e9s.<\/p>\n<p>Y nos aclara q estamos solos, solas, soloas y tenemos q elegir. O peleamos entre nosotros o adherimos a la propuesta: \u201cdestruir el sistema \u201c<\/p>\n<p>Reconocer q cada quien tiene su espacio de lucha pero buscar lo q nos une y hacer acuerdos.<\/p>\n<p>Cuenta q hace 41 a\u00f1os a los 4 q estaban en la selva, el Capit\u00e1n les dijo q \u201csus palabras iban a recorrer el mundo\u201d. Y aqu\u00ed estamos\u2026<\/p>\n<p>La tarea no es hegemonizar, es crear condiciones\u2026xq en todos lados hay gente buena. Nos invitan a elegir y a asumir las consecuencias del error. Tambi\u00e9n loas<\/p>\n<p>otroas son parte xq no importa la elecci\u00f3n sino lo q decido hacer.<\/p>\n<p>El capital en todas partes desinforma.<\/p>\n<p>Nuestro objetivo, dice, es mostrar que hay otra opci\u00f3n.<\/p>\n<p>Nos convoca para Julio y Agosto donde el eje central ser\u00e1 q contemos lo q hacemos Y q proponemos?<\/p>\n<p>Preparar el otro lado de la cosa,<\/p>\n<p>reconocer nuestro lugar<\/p>\n<p>Y termina pidiendo q no idealicemosa los zapatistas. Q ellos asumen los errores, los tienen , y se hacen cargo.<\/p>\n<p>Por \u00faltimo agradece al CIDECI, a los medios libres, a los adherentes y a los compas zapatistas.<\/p>\n<p>Convoca a los j\u00f3venes a q disfruten su realidad,xq llegar\u00e1 el momento de organizar su desesperaci\u00f3n, con organizaci\u00f3n, para dar soluci\u00f3n, y ser\u00e1n una patada al sistema.<\/p>\n<p>Porque transformar implica buscar las minor\u00edas , equivocarse y no tener miedo. Ese es el desaf\u00edo.<\/p>\n<div class='share-to-whatsapp-wrapper'><div class='share-on-whsp'>Share on: <\/div><div class='clear '><\/div><\/div>","protected":false},"excerpt":{"rendered":"<p>\u00a0 RESUMEN TERCER DIA ENCUENTRO INTERNACIONAL DE RESISTENCIAS Y REBELDIAS- 30\/12\/2024 Elaborado por la Red Abya Yala Rompe El Cerco. Habla el Subcomandante MOIS\u00c9S sobre el uso hist\u00f3rico de la tierra en M\u00e9xico: xq durante mucho tiempo los finqueros vivieron de la acumulaci\u00f3n de tierras y la explotaci\u00f3n de las comunidades ind\u00edgenas. Con los varios [&hellip;]<\/p>\n","protected":false},"author":23,"featured_media":9691,"comment_status":"closed","ping_status":"closed","sticky":false,"template":"","format":"standard","meta":{"footnotes":""},"categories":[1191],"tags":[1263,1276],"class_list":["post-9690","post","type-post","status-publish","format-standard","has-post-thumbnail","hentry","category-luchas-por-el-territorio","tag-ezln","tag-resistenciasyrebeldias"],"_links":{"self":[{"href":"https:\/\/zumbalaturba.com.ar\/index.php?rest_route=\/wp\/v2\/posts\/9690","targetHints":{"allow":["GET"]}}],"collection":[{"href":"https:\/\/zumbalaturba.com.ar\/index.php?rest_route=\/wp\/v2\/posts"}],"about":[{"href":"https:\/\/zumbalaturba.com.ar\/index.php?rest_route=\/wp\/v2\/types\/post"}],"author":[{"embeddable":true,"href":"https:\/\/zumbalaturba.com.ar\/index.php?rest_route=\/wp\/v2\/users\/23"}],"replies":[{"embeddable":true,"href":"https:\/\/zumbalaturba.com.ar\/index.php?rest_route=%2Fwp%2Fv2%2Fcomments&post=9690"}],"version-history":[{"count":0,"href":"https:\/\/zumbalaturba.com.ar\/index.php?rest_route=\/wp\/v2\/posts\/9690\/revisions"}],"wp:featuredmedia":[{"embeddable":true,"href":"https:\/\/zumbalaturba.com.ar\/index.php?rest_route=\/wp\/v2\/media\/9691"}],"wp:attachment":[{"href":"https:\/\/zumbalaturba.com.ar\/index.php?rest_route=%2Fwp%2Fv2%2Fmedia&parent=9690"}],"wp:term":[{"taxonomy":"category","embeddable":true,"href":"https:\/\/zumbalaturba.com.ar\/index.php?rest_route=%2Fwp%2Fv2%2Fcategories&post=9690"},{"taxonomy":"post_tag","embeddable":true,"href":"https:\/\/zumbalaturba.com.ar\/index.php?rest_route=%2Fwp%2Fv2%2Ftags&post=9690"}],"curies":[{"name":"wp","href":"https:\/\/api.w.org\/{rel}","templated":true}]}}