{"id":9737,"date":"2025-04-05T12:06:14","date_gmt":"2025-04-05T15:06:14","guid":{"rendered":"https:\/\/zumbalaturba.com.ar\/?p=9737"},"modified":"2025-04-05T12:06:15","modified_gmt":"2025-04-05T15:06:15","slug":"anuncian-nueva-carcel-de-maxima-seguridad-en-cordoba","status":"publish","type":"post","link":"https:\/\/zumbalaturba.com.ar\/?p=9737","title":{"rendered":"Anuncian nueva c\u00e1rcel de m\u00e1xima seguridad en C\u00f3rdoba"},"content":{"rendered":"\n<p><em>El gobernador Martin Laryora anunci\u00f3 la construcci\u00f3n de un centro penitenciario de m\u00e1xima seguridad. La inversi\u00f3n presupuestaria es de 109 mil millones de pesos. El Movimiento Anticarcelario emiti\u00f3 un comunicado expresando su posicionamiento.<\/em><\/p>\n<p>Durante la conferencia del 31 de marzo, el gobernador anunci\u00f3 la inversi\u00f3n de 109 millones de pesos para la creaci\u00f3n del CEMAX, centro penitenciario de m\u00e1xima seguridad de la provincia.<\/p>\n<p>Ante esta situaci\u00f3n el Movimiento Anticarcelario de C\u00f3rdoba denunci\u00f3 el incremento de las pol\u00edticas represivas y tortuosas en las c\u00e1rceles.<strong> Reproducimos el comunicado completo:<\/strong><\/p>\n<p>\u00a0<\/p>\n<p>Llaryora anuncia con bombos y platillos una c\u00e1rcel de m\u00e1xima seguridad en C\u00f3rdoba, como el mejor alumno de la Bulrich y de Milei, aspirando a ser los bukeles argentinos todos ellos.<\/p>\n<p>El 31 de marzo el gobernador Martin Laryora anunci\u00f3 la construcci\u00f3n del CEMAX como el primer centro penitenciario de m\u00e1xima seguridad de la provincia. La inversi\u00f3n presupuestaria es de 109 mil millones de pesos. En el acto de presentaci\u00f3n el gobernador declar\u00f3: \u201cNuestro compromiso ser\u00e1 que el miedo lo tengan los delincuentes y no la gente. Necesitamos reforzar nuestra actividad para garantizar la libertad y la vida de los vecinos que act\u00faan honradamente.&#8221;<\/p>\n<p>Mucho podemos decir desde el Movimiento Anticarcelario de C\u00f3rdoba con respecto a ambas cosas. Por un lado, en un marco donde las c\u00e1rceles de la ciudad estuvieron sin agua durante casi 40 dias, luego, la presentaci\u00f3n del habeas corpus por la cantidad de personas encarceladas con prisi\u00f3n preventiva y sin avances en sus causas por parte del poder judicial,\u00a0 el hacinamiento que provoca, y ni hablar de las muertes dentro del sistema penitenciario que aumentan cada a\u00f1o. Por otro lado, el discurso amoldado al gobierno nacional de Javier Milei y la ministra de seguridad Patricia Burrlich, que aspiran a ser los bukeles de Argentina con un avance punitivista como respuesta a los problemas de seguridad.\u00a0<\/p>\n<p>Llaryora dice que es para que \u201csean los delicuentes quienes tengan miedo\u201d. \u00bfCu\u00e1les? Porque cada vez queda m\u00e1s en evidencia que los estafadores, la corrupci\u00f3n y el saqueo de nuestros bienes comunes lo realiza la \u201ccasta pol\u00edtica\u201d,\u00a0 los gobiernos y, en este caso,\u00a0 los m\u00e1s altos mandos del servicio penitenciario. Entonces, \u00bfEl pueblo de que tenemos miedo? De no tener trabajo, de no poder alimentarnos, de no tener techo, de no tener salud p\u00fablica y de no acceder a la educaci\u00f3n p\u00fablica. Y mucho m\u00e1s miedo tenemos a ser denetidxs por pobres, por portaci\u00f3n de rostro, por nuestra sexualidad, por ser inmigrante, por reclamar nuestros derechos b\u00e1sicos sociales, y si nos llegan a detener nosotrxs y nuestras familias no saben si volveremos con vida. A ese miedo lo venimos enfrentando con solidaridad, con organizaci\u00f3n, con sensibilidad y humanizaci\u00f3n en las calles, luchando. Lo que hace falta para tener seguridad es el respeto de los derechos humanos, derechos sociales y democr\u00e1ticos. Este respeto es tanto en contexto de encierro, c\u00e1rceles e instituciones psiqui\u00e1tricas y\/o de recuperaci\u00f3n de j\u00f3venes, como fuera de estos contextos.<\/p>\n<p>Con esa c\u00e1rcel de m\u00e1xima seguridad que se presenta como novedad se intenta ocultar que las condiciones de tortura ya vienen existiendo desde hace 10 a\u00f1os aproximadanente. Ya existen pabellones de ENCIERRO TOTAL CON 1 O 2 HORAS PARA SALIR A un \u201cESPACIO COM\u00daN\u201d DEL PABELL\u00d3N, NO A UN PATIO, Y VISITAS DE MEDIA HORA POR LOCUTORIO. Por ejemplo, en el m\u00f3dulo 1 E3, en Cruz del Eje, son vigiladxs por \u201cGrupos t\u00e1cticos especiales\u201d.<\/p>\n<p>Con estos anuncios se busca profundizar las formas que ya viene ejerciendo la provincia desde hace a\u00f1os y extendiendo su alcance, tratando de generar un escudo institucional ante futuras demandas y ante las observaciones\/se\u00f1alamientos\/recomendaciones que viene haciendo reiteradamente el Comit\u00e9 Nacional contra la Tortura tras las inspecciones realizadas, dado que \u00e9stas caracter\u00edsticas de encierro NO est\u00e1n amparadas por leyes nacionales e internacionales. Recordemos que desde el 2021 la Corte Interamericana de Derechos Humanos dio paso a una cautelar en donde obliga al Estado Argentino a intervenir en la situaci\u00f3n penitenciaria de la provincia por la violaci\u00f3n de derechos humanos, desde hacinamiento hasta torturas y asesinatos dentro del sistema penitenciario. No podemos dejar de mencionar los casos de Ezequiel Castro y Matias Mari\u00f1o, ambos torturados en el EP9 \u00bfNo ser\u00e1 que la construcci\u00f3n de esta c\u00e1rcel gigante \u201cde m\u00e1xima seguridad\u201d es una estrategia para intentar institucionalizar el maltrato y la tortura?<\/p>\n<p>C\u00f3rdoba es una de las provincias con mayor poblaci\u00f3n de personas presas per c\u00e1pita. Mientras la sobrepoblaci\u00f3n carcelaria en Argentina, seg\u00fan el informe del Comite de Prevencion a la Tortura del a\u00f1o 2023, era de un 45% y en C\u00f3rdoba era de un 60%. Los n\u00fameros hablan por s\u00ed solos.\u00a0\u00a0<\/p>\n<p>Entonces parece que el gobierno provincial tiene tiempo y presupuesto para una c\u00e1rcel de estas caracter\u00edsticas, pero los problemas estructurales del sistema penitenciario son cada vez m\u00e1s agudos. Plata para una c\u00e1rcel pero nada de construir m\u00e1s viviendas, escuelas y hospitales o de generar trabajo, o para resolver problemas muy b\u00e1sicos como la falta de agua, comida o camas en las c\u00e1rceles ya existentes. Todo esto sin ocuparse del alto grado de corrupci\u00f3n y violencia en el servicio penitenciario.\u00a0<\/p>\n<p>\u00a0<\/p>\n<p>A\u00a0 pesar de que Quinteros, Ministro de Seguridad de la Provincia, dio de baja la c\u00fapula anterior del Sistema Penitenciario por la cantidad de corrupci\u00f3n que hab\u00eda, no dieron nunca respuestas reales a los problemas estructurales del Sistema Penitenciario, m\u00e1s bien se pretende trasladar la responsabilidad a la poblaci\u00f3n penal.<\/p>\n<p>Frente a esto el Poder Judicial ampara esta estructura cuando mira para otro lado ante las numerosas demandas que se vienen presentando para mejorar las condiciones de vida de las personas privadas de su libertad. Hace a\u00f1os que se viene exigiendo al estado provincial y a su gobierno un trato humano con mejores condiciones de vida para las personas privadas de su libertad: mejor alimentaci\u00f3n, atenci\u00f3n de su salud, acceso a la educaci\u00f3n, acceso al trabajo, poder salir al patio a respirar aire fresco, poder recibir visitas de quienes no son familiares directos; todas condiciones m\u00ednimas para cualquier ser humano. Y TODO PREVISTO EN TRATADOS INTERNACIONALES DE DDHH QUE LA ARGENTINA HA FIRMADO.<\/p>\n<p>Desde el Movimiento Carcelario vamos a\u00a0 seguir organiz\u00e1ndonos, poniendo primero la solidaridad y la lucha porque las condiciones de las personas privadas de su libertad sean condiciones dignas para cualquier persona.\u00a0<\/p>\n<p>\u00a0<\/p>\n<p style=\"text-align: center;\">Abril del 2025, C\u00f3rdoba<\/p>\n<p style=\"text-align: center;\">Movimiento Anticarcelario.<\/p>\n<p>\u00a0<\/p>\n<p><iframe src=\"https:\/\/www.ivoox.com\/player_ej_144473607_6_1.html?c1=c51c31\" width=\"100%\" height=\"200\" frameborder=\"0\" scrolling=\"no\" allowfullscreen=\"allowfullscreen\"><\/iframe>\u00a0<\/p>\n\n\n<div class='share-to-whatsapp-wrapper'><div class='share-on-whsp'>Share on: <\/div><div class='clear '><\/div><\/div>","protected":false},"excerpt":{"rendered":"<p>El gobernador Martin Laryora anunci\u00f3 la construcci\u00f3n de un centro penitenciario de m\u00e1xima seguridad. La inversi\u00f3n presupuestaria es de 109 mil millones de pesos. El Movimiento Anticarcelario emiti\u00f3 un comunicado expresando su posicionamiento. Durante la conferencia del 31 de marzo, el gobernador anunci\u00f3 la inversi\u00f3n de 109 millones de pesos para la creaci\u00f3n del CEMAX, [&hellip;]<\/p>\n","protected":false},"author":23,"featured_media":9738,"comment_status":"closed","ping_status":"closed","sticky":false,"template":"","format":"standard","meta":{"footnotes":""},"categories":[38],"tags":[1223,1224],"class_list":["post-9737","post","type-post","status-publish","format-standard","has-post-thumbnail","hentry","category-anticarcelario-antrepresivo","tag-anticarcelario","tag-antirepresivo"],"_links":{"self":[{"href":"https:\/\/zumbalaturba.com.ar\/index.php?rest_route=\/wp\/v2\/posts\/9737","targetHints":{"allow":["GET"]}}],"collection":[{"href":"https:\/\/zumbalaturba.com.ar\/index.php?rest_route=\/wp\/v2\/posts"}],"about":[{"href":"https:\/\/zumbalaturba.com.ar\/index.php?rest_route=\/wp\/v2\/types\/post"}],"author":[{"embeddable":true,"href":"https:\/\/zumbalaturba.com.ar\/index.php?rest_route=\/wp\/v2\/users\/23"}],"replies":[{"embeddable":true,"href":"https:\/\/zumbalaturba.com.ar\/index.php?rest_route=%2Fwp%2Fv2%2Fcomments&post=9737"}],"version-history":[{"count":1,"href":"https:\/\/zumbalaturba.com.ar\/index.php?rest_route=\/wp\/v2\/posts\/9737\/revisions"}],"predecessor-version":[{"id":9739,"href":"https:\/\/zumbalaturba.com.ar\/index.php?rest_route=\/wp\/v2\/posts\/9737\/revisions\/9739"}],"wp:featuredmedia":[{"embeddable":true,"href":"https:\/\/zumbalaturba.com.ar\/index.php?rest_route=\/wp\/v2\/media\/9738"}],"wp:attachment":[{"href":"https:\/\/zumbalaturba.com.ar\/index.php?rest_route=%2Fwp%2Fv2%2Fmedia&parent=9737"}],"wp:term":[{"taxonomy":"category","embeddable":true,"href":"https:\/\/zumbalaturba.com.ar\/index.php?rest_route=%2Fwp%2Fv2%2Fcategories&post=9737"},{"taxonomy":"post_tag","embeddable":true,"href":"https:\/\/zumbalaturba.com.ar\/index.php?rest_route=%2Fwp%2Fv2%2Ftags&post=9737"}],"curies":[{"name":"wp","href":"https:\/\/api.w.org\/{rel}","templated":true}]}}