{"id":975,"date":"2016-07-17T22:20:50","date_gmt":"2016-07-17T22:20:50","guid":{"rendered":"http:\/\/zumbalaturba.com.ar\/?p=975"},"modified":"2016-07-22T23:09:13","modified_gmt":"2016-07-22T23:09:13","slug":"de-sonny-rollins-al-jazz-camp-en-la-nota-azul","status":"publish","type":"post","link":"https:\/\/zumbalaturba.com.ar\/?p=975","title":{"rendered":"De Sonny Rollins al Jazz Camp en La Nota Azul"},"content":{"rendered":"<p>Programa de radio La Nota Azul del s\u00e1bado 16 de julio de 2016. Un programa de jazz, blues y otras m\u00fasicas. Radio Zumba La Turba FM 99.5 C\u00f3rdoba, Argentina.<\/p>\n<p><img decoding=\"async\" class=\"aligncenter size-medium wp-image-974\" src=\"https:\/\/zumbalaturba.com.ar\/wp-content\/uploads\/2016\/07\/Cordoba-Jazz-Camp-300x146.jpg\" alt=\"Cordoba Jazz Camp\" width=\"300\" height=\"146\" srcset=\"https:\/\/zumbalaturba.com.ar\/wp-content\/uploads\/2016\/07\/Cordoba-Jazz-Camp-300x146.jpg 300w, https:\/\/zumbalaturba.com.ar\/wp-content\/uploads\/2016\/07\/Cordoba-Jazz-Camp-768x374.jpg 768w, https:\/\/zumbalaturba.com.ar\/wp-content\/uploads\/2016\/07\/Cordoba-Jazz-Camp.jpg 960w\" sizes=\"(max-width: 300px) 100vw, 300px\" \/><\/p>\n<p>En esta emisi\u00f3n abrimos Sonny Rollins en el Village Vanguard de Nueva York. Seguimos con Craig Taborn en piano, con un disco del 2012 titulado Live in Lugano (Suiza).<\/p>\n<p>Entrevista a Germ\u00e1n Siman, coordinador del C\u00f3rdoba Jazz Camp. Acompa\u00f1amos el segmento con\u00a0m\u00fasica de 2 de los invitados especiales que visitaran el campamento: el trompetista Juan Cruz de Urquiza, y el pianista Ernesto Jodos. Adem\u00e1s, llegan Jimi Tenor y Tony Allen, funk y afrobeat. Y cerramos con el guitarrista suizo-iran\u00ed, radicado en Argentina, Arian Houshmand y su\u00a0disco \u201cNava\u201d.<\/p>\n<p>&nbsp;<\/p>\n<p><iframe id=\"audio_12249722\" style=\"border: 1px solid #EEE; box-sizing: border-box; width: 100%;\" src=\"https:\/\/ar.ivoox.com\/es\/player_ej_12249722_4_1.html?c1=ff6600\" width=\"300\" height=\"200\" frameborder=\"0\" scrolling=\"no\" allowfullscreen=\"allowfullscreen\"><\/iframe><\/p>\n<div class='share-to-whatsapp-wrapper'><div class='share-on-whsp'>Share on: <\/div><div class='clear '><\/div><\/div>","protected":false},"excerpt":{"rendered":"<p>Programa de radio La Nota Azul del s\u00e1bado 16 de julio de 2016. Un programa de jazz, blues y otras m\u00fasicas. Radio Zumba La Turba FM 99.5 C\u00f3rdoba, Argentina. En esta emisi\u00f3n abrimos Sonny Rollins en el Village Vanguard de Nueva York. Seguimos con Craig Taborn en piano, con un disco del 2012 titulado Live [&hellip;]<\/p>\n","protected":false},"author":14,"featured_media":974,"comment_status":"open","ping_status":"open","sticky":false,"template":"","format":"standard","meta":{"footnotes":""},"categories":[261],"tags":[81,297,295,52,299,293,298,296,294],"class_list":["post-975","post","type-post","status-publish","format-standard","has-post-thumbnail","hentry","category-la-nota-azul","tag-agenda-cultural","tag-cordoba-jazz-camp","tag-craig-taborn","tag-cultura","tag-german-siman","tag-jazz","tag-juan-cruz-de-urquiza","tag-la-nota-azul","tag-sonny-rollins"],"_links":{"self":[{"href":"https:\/\/zumbalaturba.com.ar\/index.php?rest_route=\/wp\/v2\/posts\/975","targetHints":{"allow":["GET"]}}],"collection":[{"href":"https:\/\/zumbalaturba.com.ar\/index.php?rest_route=\/wp\/v2\/posts"}],"about":[{"href":"https:\/\/zumbalaturba.com.ar\/index.php?rest_route=\/wp\/v2\/types\/post"}],"author":[{"embeddable":true,"href":"https:\/\/zumbalaturba.com.ar\/index.php?rest_route=\/wp\/v2\/users\/14"}],"replies":[{"embeddable":true,"href":"https:\/\/zumbalaturba.com.ar\/index.php?rest_route=%2Fwp%2Fv2%2Fcomments&post=975"}],"version-history":[{"count":0,"href":"https:\/\/zumbalaturba.com.ar\/index.php?rest_route=\/wp\/v2\/posts\/975\/revisions"}],"wp:featuredmedia":[{"embeddable":true,"href":"https:\/\/zumbalaturba.com.ar\/index.php?rest_route=\/wp\/v2\/media\/974"}],"wp:attachment":[{"href":"https:\/\/zumbalaturba.com.ar\/index.php?rest_route=%2Fwp%2Fv2%2Fmedia&parent=975"}],"wp:term":[{"taxonomy":"category","embeddable":true,"href":"https:\/\/zumbalaturba.com.ar\/index.php?rest_route=%2Fwp%2Fv2%2Fcategories&post=975"},{"taxonomy":"post_tag","embeddable":true,"href":"https:\/\/zumbalaturba.com.ar\/index.php?rest_route=%2Fwp%2Fv2%2Ftags&post=975"}],"curies":[{"name":"wp","href":"https:\/\/api.w.org\/{rel}","templated":true}]}}