{"id":9768,"date":"2025-09-12T14:48:07","date_gmt":"2025-09-12T17:48:07","guid":{"rendered":"https:\/\/zumbalaturba.com.ar\/?p=9768"},"modified":"2025-09-12T14:48:08","modified_gmt":"2025-09-12T17:48:08","slug":"taller-de-cocina-saludable-en-el-espacio-san-martin","status":"publish","type":"post","link":"https:\/\/zumbalaturba.com.ar\/?p=9768","title":{"rendered":"Taller de cocina saludable en el Espacio San Mart\u00edn"},"content":{"rendered":"\n\n\n<div class=\"wp-block-group is-layout-constrained wp-block-group-is-layout-constrained\">\n<p><img fetchpriority=\"high\" decoding=\"async\" class=\" wp-image-9769 alignright\" src=\"https:\/\/zumbalaturba.com.ar\/wp-content\/uploads\/2025\/09\/WhatsApp-Image-2025-08-28-at-21.06.31-212x300.jpeg\" alt=\"\" width=\"231\" height=\"327\" srcset=\"https:\/\/zumbalaturba.com.ar\/wp-content\/uploads\/2025\/09\/WhatsApp-Image-2025-08-28-at-21.06.31-212x300.jpeg 212w, https:\/\/zumbalaturba.com.ar\/wp-content\/uploads\/2025\/09\/WhatsApp-Image-2025-08-28-at-21.06.31-723x1024.jpeg 723w, https:\/\/zumbalaturba.com.ar\/wp-content\/uploads\/2025\/09\/WhatsApp-Image-2025-08-28-at-21.06.31-768x1087.jpeg 768w, https:\/\/zumbalaturba.com.ar\/wp-content\/uploads\/2025\/09\/WhatsApp-Image-2025-08-28-at-21.06.31.jpeg 904w\" sizes=\"(max-width: 231px) 100vw, 231px\" \/>De la mano de Paprika Cocina Vegana se dictar\u00e1n dos talleres de cocina y reflexi\u00f3n sobre alimentaci\u00f3n saludable en el Espacio Cultural San Mart\u00edn, Amado Nervo 601.<\/p>\n<p>El s\u00e1bado 13 de septiembre de 16 a 17hs se realizar\u00e1 el taller para infancias desde los 6 a\u00f1os en adelante para explorar de forma consciente y divertida la cocina saludable. Luego, de 17 a 18:30hs le seguir\u00e1 el taller Restaurativo de Paladares &#8220;El Arte de Nutrirnos&#8221;, que propone un espacio de intercambio y reflexi\u00f3n acompa\u00f1ado del libro Mal Comidos de la autora Soledad Barruti.<\/p>\n<p><img decoding=\"async\" class=\" wp-image-9770 alignleft\" src=\"https:\/\/zumbalaturba.com.ar\/wp-content\/uploads\/2025\/09\/WhatsApp-Image-2025-08-28-at-21.05.59-240x300.jpeg\" alt=\"\" width=\"245\" height=\"306\" srcset=\"https:\/\/zumbalaturba.com.ar\/wp-content\/uploads\/2025\/09\/WhatsApp-Image-2025-08-28-at-21.05.59-240x300.jpeg 240w, https:\/\/zumbalaturba.com.ar\/wp-content\/uploads\/2025\/09\/WhatsApp-Image-2025-08-28-at-21.05.59-819x1024.jpeg 819w, https:\/\/zumbalaturba.com.ar\/wp-content\/uploads\/2025\/09\/WhatsApp-Image-2025-08-28-at-21.05.59-768x960.jpeg 768w, https:\/\/zumbalaturba.com.ar\/wp-content\/uploads\/2025\/09\/WhatsApp-Image-2025-08-28-at-21.05.59.jpeg 1024w\" sizes=\"(max-width: 245px) 100vw, 245px\" \/>Para consultas e inscripci\u00f3n comunicarse al n\u00famero 3537312852 o al instagram @Paprika.nat.<\/p>\n<p>\u00a0<\/p>\n<p>\u00a0<\/p>\n<p>\u00a0<\/p>\n<p>\u00a0<\/p>\n<p>\u00a0<\/p>\n<p><iframe src=\"https:\/\/www.ivoox.com\/player_ej_157731969_6_1.html?c1=D41212\" width=\"100%\" height=\"200\" frameborder=\"0\" scrolling=\"no\" allowfullscreen=\"allowfullscreen\"><\/iframe><\/p>\n<\/div>\n\n\n\n\n<div class='share-to-whatsapp-wrapper'><div class='share-on-whsp'>Share on: <\/div><div class='clear '><\/div><\/div>","protected":false},"excerpt":{"rendered":"<p>De la mano de Paprika Cocina Vegana se dictar\u00e1n dos talleres de cocina y reflexi\u00f3n sobre alimentaci\u00f3n saludable en el Espacio Cultural San Mart\u00edn, Amado Nervo 601. El s\u00e1bado 13 de septiembre de 16 a 17hs se realizar\u00e1 el taller para infancias desde los 6 a\u00f1os en adelante para explorar de forma consciente y divertida [&hellip;]<\/p>\n","protected":false},"author":23,"featured_media":9770,"comment_status":"closed","ping_status":"closed","sticky":false,"template":"","format":"standard","meta":{"footnotes":""},"categories":[37],"tags":[1283,52,1246],"class_list":["post-9768","post","type-post","status-publish","format-standard","has-post-thumbnail","hentry","category-arte-cultura","tag-cocina","tag-cultura","tag-espacioculturalsanmartin-2"],"_links":{"self":[{"href":"https:\/\/zumbalaturba.com.ar\/index.php?rest_route=\/wp\/v2\/posts\/9768","targetHints":{"allow":["GET"]}}],"collection":[{"href":"https:\/\/zumbalaturba.com.ar\/index.php?rest_route=\/wp\/v2\/posts"}],"about":[{"href":"https:\/\/zumbalaturba.com.ar\/index.php?rest_route=\/wp\/v2\/types\/post"}],"author":[{"embeddable":true,"href":"https:\/\/zumbalaturba.com.ar\/index.php?rest_route=\/wp\/v2\/users\/23"}],"replies":[{"embeddable":true,"href":"https:\/\/zumbalaturba.com.ar\/index.php?rest_route=%2Fwp%2Fv2%2Fcomments&post=9768"}],"version-history":[{"count":5,"href":"https:\/\/zumbalaturba.com.ar\/index.php?rest_route=\/wp\/v2\/posts\/9768\/revisions"}],"predecessor-version":[{"id":9775,"href":"https:\/\/zumbalaturba.com.ar\/index.php?rest_route=\/wp\/v2\/posts\/9768\/revisions\/9775"}],"wp:featuredmedia":[{"embeddable":true,"href":"https:\/\/zumbalaturba.com.ar\/index.php?rest_route=\/wp\/v2\/media\/9770"}],"wp:attachment":[{"href":"https:\/\/zumbalaturba.com.ar\/index.php?rest_route=%2Fwp%2Fv2%2Fmedia&parent=9768"}],"wp:term":[{"taxonomy":"category","embeddable":true,"href":"https:\/\/zumbalaturba.com.ar\/index.php?rest_route=%2Fwp%2Fv2%2Fcategories&post=9768"},{"taxonomy":"post_tag","embeddable":true,"href":"https:\/\/zumbalaturba.com.ar\/index.php?rest_route=%2Fwp%2Fv2%2Ftags&post=9768"}],"curies":[{"name":"wp","href":"https:\/\/api.w.org\/{rel}","templated":true}]}}